{"id":1868,"date":"2026-04-29T06:28:28","date_gmt":"2026-04-29T09:28:28","guid":{"rendered":"https:\/\/vagas.portalemprego.com.br\/?p=1868"},"modified":"2026-04-29T06:28:28","modified_gmt":"2026-04-29T09:28:28","slug":"gerente-de-loja-comercial-vendas-rio-de-janeiro-3","status":"publish","type":"post","link":"https:\/\/vagas.portalemprego.com.br\/?p=1868","title":{"rendered":"Gerente de Loja &#8211; Comercial, Vendas &#8211; Rio de Janeiro"},"content":{"rendered":"<p>Vaga \u2013 Gerente<br \/>\n?? Local: Centro do Rio de Janeiro<br \/>\nLoja de cal\u00e7ados e acess\u00f3rios busca profissional para atuar na gest\u00e3o da unidade, garantindo o desempenho da equipe e o atingimento de metas comerciais.<br \/>\nPrincipais responsabilidades:<br \/>\nGerenciar a equipe de vendas, acompanhando metas e resultados<br \/>\nGarantir a excel\u00eancia no atendimento ao cliente<br \/>\nAcompanhar indicadores de desempenho e propor melhorias<br \/>\nAtuar com vendas presenciais, online e omnichannel<br \/>\nOrganizar a opera\u00e7\u00e3o da loja (escala, estoque, abertura\/fechamento)<br \/>\nDesenvolver e motivar a equipe<br \/>\nRequisitos:<br \/>\nExperi\u00eancia anterior como gerente ou l\u00edder de loja no varejo<br \/>\nPerfil estrat\u00e9gico, com foco em resultados<br \/>\nHabilidade em gest\u00e3o de pessoas e indicadores<br \/>\nExperi\u00eancia com vendas online e omnichannel<br \/>\nRemunera\u00e7\u00e3o:<br \/>\nSal\u00e1rio fixo: R$ 1.872,00<br \/>\n40% de cargo de confian\u00e7a<br \/>\nComiss\u00e3o vari\u00e1vel (2.0 | 2.2 | 2.3 | 2.4) + vendas online e omnichannel<br \/>\nM\u00e9dia l\u00edquida estimada: R$ 3.500,00 (podendo ser maior conforme desempenho)<br \/>\nBenef\u00edcios:<br \/>\nComiss\u00f5es maiores conforme o desempenho<br \/>\nTelemedicina e atendimento psicol\u00f3gico<br \/>\nTotalPass<br \/>\nDescontos em produtos da marca<br \/>\nVale Transporte<br \/>\nHor\u00e1rio:<br \/>\n12h \u00e0s 20h<br \/>\nFolgas: s\u00e1bados, domingos e feriados<\/p>\n<ul>\n<li>Local de trabalho: Rio de Janeiro, RJ<\/li>\n<li>Regime de contrata\u00e7\u00e3o de tipo: Efetivo \u2013 CLT<\/li>\n<li>Jornada: Per\u00edodo Integral<\/li>\n<li>\u00c1rea e especializa\u00e7\u00e3o profissional: Comercial, Vendas &#8211; Lojas \/ Shopping<\/li>\n<li>N\u00edvel hier\u00e1rquico: Gerente<\/li>\n<\/ul>\n<p>Escolaridade M\u00ednima: Ensino M\u00e9dio (2\u00ba Grau)<\/p>\n<p>Sal\u00e1rio: 2300,0<\/p>\n","protected":false},"excerpt":{"rendered":"<p>Vaga \u2013 Gerente ?? Local: Centro do Rio de Janeiro Loja de cal\u00e7ados e acess\u00f3rios busca profissional para atuar na gest\u00e3o da unidade, garantindo o desempenho da equipe e o atingimento de metas comerciais. Principais responsabilidades: Gerenciar a equipe de vendas, acompanhando metas e resultados Garantir a excel\u00eancia no atendimento ao cliente Acompanhar indicadores de [&hellip;]<\/p>\n","protected":false},"author":1,"featured_media":0,"comment_status":"open","ping_status":"open","sticky":false,"template":"","format":"standard","meta":{"footnotes":""},"categories":[21],"tags":[],"class_list":["post-1868","post","type-post","status-publish","format-standard","hentry","category-rio-de-janeiro-rj"],"_links":{"self":[{"href":"https:\/\/vagas.portalemprego.com.br\/index.php?rest_route=\/wp\/v2\/posts\/1868","targetHints":{"allow":["GET"]}}],"collection":[{"href":"https:\/\/vagas.portalemprego.com.br\/index.php?rest_route=\/wp\/v2\/posts"}],"about":[{"href":"https:\/\/vagas.portalemprego.com.br\/index.php?rest_route=\/wp\/v2\/types\/post"}],"author":[{"embeddable":true,"href":"https:\/\/vagas.portalemprego.com.br\/index.php?rest_route=\/wp\/v2\/users\/1"}],"replies":[{"embeddable":true,"href":"https:\/\/vagas.portalemprego.com.br\/index.php?rest_route=%2Fwp%2Fv2%2Fcomments&post=1868"}],"version-history":[{"count":0,"href":"https:\/\/vagas.portalemprego.com.br\/index.php?rest_route=\/wp\/v2\/posts\/1868\/revisions"}],"wp:attachment":[{"href":"https:\/\/vagas.portalemprego.com.br\/index.php?rest_route=%2Fwp%2Fv2%2Fmedia&parent=1868"}],"wp:term":[{"taxonomy":"category","embeddable":true,"href":"https:\/\/vagas.portalemprego.com.br\/index.php?rest_route=%2Fwp%2Fv2%2Fcategories&post=1868"},{"taxonomy":"post_tag","embeddable":true,"href":"https:\/\/vagas.portalemprego.com.br\/index.php?rest_route=%2Fwp%2Fv2%2Ftags&post=1868"}],"curies":[{"name":"wp","href":"https:\/\/api.w.org\/{rel}","templated":true}]}}