{"id":1871,"date":"2026-04-29T06:28:28","date_gmt":"2026-04-29T09:28:28","guid":{"rendered":"https:\/\/vagas.portalemprego.com.br\/?p=1871"},"modified":"2026-04-29T06:28:28","modified_gmt":"2026-04-29T09:28:28","slug":"assistente-de-rh-recursos-humanos-rio-das-ostras","status":"publish","type":"post","link":"https:\/\/vagas.portalemprego.com.br\/?p=1871","title":{"rendered":"Assistente de RH &#8211; Recursos Humanos &#8211; Rio das Ostras"},"content":{"rendered":"<p>Pr\u00e9-Requisitos:<\/p>\n<p>Ensino Superior completo ou cursando em Recursos Humanos, Administra\u00e7\u00e3o de Empresas, Psicologia ou em \u00e1reas correlatas;<br \/>\nExperi\u00eancia comprovada na \u00e1rea de DP e RH, dom\u00ednio na compra de benef\u00edcios e cruzamento com a folha de ponto, rotina de admiss\u00e3o e envio de documenta\u00e7\u00f5es para clientes, recrutamento e sele\u00e7\u00e3o.<br \/>\nDesej\u00e1vel ser oriundo de empresa de presta\u00e7\u00e3o de servi\u00e7os e\/ou \u00e1rea da constru\u00e7\u00e3o civil.<br \/>\nSer\u00e1 um diferencial ter p\u00f3s-gradua\u00e7\u00e3o na \u00e1rea;<\/p>\n<p>Atividades:<br \/>\nRecrutamento e Sele\u00e7\u00e3o;<br \/>\nGest\u00e3o de Pessoas;<br \/>\nRotinas inerentes ao Departamento Pessoal em geral;<br \/>\nConhecimento em Ponto eletr\u00f4nico;<br \/>\nAdmiss\u00e3o de novos colaboradores at\u00e9 a rescis\u00e3o de contrato;<br \/>\nFazer o controle e levantamento de todos os benef\u00edcios da empresa (VT, VA, Plano de sa\u00fade, cesta b\u00e1sica, Plano odontol\u00f3gico, seguro de vida e aux\u00edlio funeral), f\u00e9rias, gest\u00e3o de afastamentos(INSS), acidentes de trabalho, folha de ponto, etc.<br \/>\nEnvio de documenta\u00e7\u00e3o para clientes;<br \/>\nControles internos de arquivos ativos e inativos;<br \/>\nDar o suporte nas demandas de RH em geral;<\/p>\n<p>Local de Trabalho: Pedras &#8211; CE<br \/>\nHor\u00e1rio: 07:30 \u00e0s 17:33, de segunda \u00e0 sexta<\/p>\n<p>Empresa Oferece:<br \/>\nSal\u00e1rio: \u00c0 combinar<br \/>\nBenef\u00edcios: VT + VA + Plano de Sa\u00fade e Odontol\u00f3gico (ap\u00f3s per\u00edodo de experi\u00eancia) + aux\u00edlio funeral e seguro de vida.<br \/>\nTipo de vaga: Tempo Integral, Efetivo\/CLT<\/p>\n<ul>\n<li>Local de trabalho: Rio das Ostras, RJ<\/li>\n<li>Regime de contrata\u00e7\u00e3o de tipo: Efetivo \u2013 CLT<\/li>\n<li>Jornada: Per\u00edodo Integral<\/li>\n<li>\u00c1rea e especializa\u00e7\u00e3o profissional: Recursos Humanos &#8211; Recursos Humanos (Generalista)<\/li>\n<li>N\u00edvel hier\u00e1rquico: Assistente<\/li>\n<\/ul>\n<p>VALORIZADO<\/p>\n<p>Tempo de experi\u00eancia: Entre 1 e 3 anos<\/p>\n<p>Escolaridade M\u00ednima: Ensino Superior<\/p>\n<ul>\n<li>Seguro de Vida<\/li>\n<li>Assist\u00eancia odontol\u00f3gica<\/li>\n<li>Assist\u00eancia m\u00e9dica<\/li>\n<li>Vale-transporte<\/li>\n<li>Vale-alimenta\u00e7\u00e3o<\/li>\n<\/ul>\n","protected":false},"excerpt":{"rendered":"<p>Pr\u00e9-Requisitos: Ensino Superior completo ou cursando em Recursos Humanos, Administra\u00e7\u00e3o de Empresas, Psicologia ou em \u00e1reas correlatas; Experi\u00eancia comprovada na \u00e1rea de DP e RH, dom\u00ednio na compra de benef\u00edcios e cruzamento com a folha de ponto, rotina de admiss\u00e3o e envio de documenta\u00e7\u00f5es para clientes, recrutamento e sele\u00e7\u00e3o. Desej\u00e1vel ser oriundo de empresa de [&hellip;]<\/p>\n","protected":false},"author":1,"featured_media":0,"comment_status":"open","ping_status":"open","sticky":false,"template":"","format":"standard","meta":{"footnotes":""},"categories":[21],"tags":[],"class_list":["post-1871","post","type-post","status-publish","format-standard","hentry","category-rio-de-janeiro-rj"],"_links":{"self":[{"href":"https:\/\/vagas.portalemprego.com.br\/index.php?rest_route=\/wp\/v2\/posts\/1871","targetHints":{"allow":["GET"]}}],"collection":[{"href":"https:\/\/vagas.portalemprego.com.br\/index.php?rest_route=\/wp\/v2\/posts"}],"about":[{"href":"https:\/\/vagas.portalemprego.com.br\/index.php?rest_route=\/wp\/v2\/types\/post"}],"author":[{"embeddable":true,"href":"https:\/\/vagas.portalemprego.com.br\/index.php?rest_route=\/wp\/v2\/users\/1"}],"replies":[{"embeddable":true,"href":"https:\/\/vagas.portalemprego.com.br\/index.php?rest_route=%2Fwp%2Fv2%2Fcomments&post=1871"}],"version-history":[{"count":0,"href":"https:\/\/vagas.portalemprego.com.br\/index.php?rest_route=\/wp\/v2\/posts\/1871\/revisions"}],"wp:attachment":[{"href":"https:\/\/vagas.portalemprego.com.br\/index.php?rest_route=%2Fwp%2Fv2%2Fmedia&parent=1871"}],"wp:term":[{"taxonomy":"category","embeddable":true,"href":"https:\/\/vagas.portalemprego.com.br\/index.php?rest_route=%2Fwp%2Fv2%2Fcategories&post=1871"},{"taxonomy":"post_tag","embeddable":true,"href":"https:\/\/vagas.portalemprego.com.br\/index.php?rest_route=%2Fwp%2Fv2%2Ftags&post=1871"}],"curies":[{"name":"wp","href":"https:\/\/api.w.org\/{rel}","templated":true}]}}