{"id":1876,"date":"2026-04-29T06:28:28","date_gmt":"2026-04-29T09:28:28","guid":{"rendered":"https:\/\/vagas.portalemprego.com.br\/?p=1876"},"modified":"2026-04-29T06:28:28","modified_gmt":"2026-04-29T09:28:28","slug":"coordenador-de-licitacoes-comercial-vendas-rio-de-janeiro","status":"publish","type":"post","link":"https:\/\/vagas.portalemprego.com.br\/?p=1876","title":{"rendered":"Coordenador de Licita\u00e7\u00f5es &#8211; Comercial, Vendas &#8211; Rio de Janeiro"},"content":{"rendered":"<p>Sobre a vaga<br \/>\nA PVAX est\u00e1 em busca de um profissional para assumir a posi\u00e7\u00e3o de Coordenador de Licita\u00e7\u00f5es. O profissional ser\u00e1 respons\u00e1vel por gerenciar e conduzir processos licitat\u00f3rios, atuando em conjunto com \u00e1reas internas para garantir conformidade com a legisla\u00e7\u00e3o vigente, efici\u00eancia operacional e competitividade nas propostas apresentadas.<br \/>\nResponsabilidades<br \/>\nAnalisar minuciosamente editais de licita\u00e7\u00e3o, anexos t\u00e9cnicos e termos de refer\u00eancia, identificando requisitos, riscos e oportunidades.<br \/>\nRealizar a gest\u00e3o da equipe, com direcionamento de atividades, orienta\u00e7\u00f5es t\u00e1ticas e estrat\u00e9gicas e fornecimento de feedbacks.<br \/>\nElaborar planilhas or\u00e7ament\u00e1rias completas, contemplando custos diretos e indiretos, encargos, insumos e margens.<br \/>\nRealizar composi\u00e7\u00e3o de custos com base em indicadores de mercado, tabelas oficiais e premissas internas.<br \/>\nEstruturar memoriais de c\u00e1lculo que justifiquem a forma\u00e7\u00e3o de pre\u00e7os.<br \/>\nDesenvolver cen\u00e1rios financeiros, simula\u00e7\u00f5es e an\u00e1lises de sensibilidade para apoio \u00e0 tomada de decis\u00e3o.<br \/>\nGarantir conformidade com a Lei n\u00ba 14.133\/2021, normas correlatas e especifica\u00e7\u00f5es t\u00e9cnicas aplic\u00e1veis.<br \/>\nAcompanhar indicadores de desempenho relacionados \u00e0s propostas, como taxa de \u00eaxito e prazos de entrega.<br \/>\nApoiar a equipe na elabora\u00e7\u00e3o de documentos complementares exigidos nos processos licitat\u00f3rios.<br \/>\nRealizar interface cont\u00ednua com \u00e1reas internas para valida\u00e7\u00e3o de premissas operacionais.<br \/>\nParticipar de revis\u00f5es estrat\u00e9gicas de propostas visando aprimorar a competitividade.<br \/>\nRequisitos<br \/>\nCapacidade comprovada de an\u00e1lise de editais complexos e interpreta\u00e7\u00e3o de requisitos t\u00e9cnicos e legais.<br \/>\nForma\u00e7\u00e3o superior em Direito, Administra\u00e7\u00e3o, Engenharia, Gest\u00e3o de Custos ou \u00e1reas correlatas.<br \/>\nExperi\u00eancia em elabora\u00e7\u00e3o de or\u00e7amentos para licita\u00e7\u00f5es p\u00fablicas.<br \/>\nDom\u00ednio de Excel avan\u00e7ado, incluindo fun\u00e7\u00f5es, f\u00f3rmulas de controle, tabelas din\u00e2micas e valida\u00e7\u00f5es.<br \/>\nExperi\u00eancia com softwares de or\u00e7amento, ERP ou sistemas de gest\u00e3o de propostas.<br \/>\nConhecimentos obrigat\u00f3rios<br \/>\nConhecimento da Lei n\u00ba 14.133\/2021 e fundamentos das contrata\u00e7\u00f5es p\u00fablicas.<br \/>\nProcessos de forma\u00e7\u00e3o e gest\u00e3o de custos (custos diretos, indiretos, BDI e encargos sociais).<br \/>\nT\u00e9cnicas de an\u00e1lise de viabilidade econ\u00f4mica.<br \/>\nNormas t\u00e9cnicas relacionadas ao setor da empresa (ex.: log\u00edstica, servi\u00e7os, engenharia, alimenta\u00e7\u00e3o ou facilities).<br \/>\nMetodologias de precifica\u00e7\u00e3o e composi\u00e7\u00e3o de pre\u00e7os unit\u00e1rios.<br \/>\nBenef\u00edcios<br \/>\nAmbiente de trabalho colaborativo.<br \/>\nAcesso a treinamentos e oportunidades de desenvolvimento profissional.<br \/>\nAmbiente de trabalho seguro e acolhedor.<br \/>\nA PVAX valoriza a diversidade e busca profissionais que se alinhem aos nossos valores, contribuindo para um ambiente de trabalho inclusivo, colaborativo e orientado a resultados.<\/p>\n<ul>\n<li>Local de trabalho: Rio de Janeiro, RJ<\/li>\n<li>Regime de contrata\u00e7\u00e3o de tipo: Efetivo \u2013 CLT<\/li>\n<li>Jornada: Per\u00edodo Integral<\/li>\n<li>\u00c1rea e especializa\u00e7\u00e3o profissional: Comercial, Vendas &#8211; Representa\u00e7\u00e3o Comercial<\/li>\n<li>N\u00edvel hier\u00e1rquico: Coordenador<\/li>\n<\/ul>\n<p>HABILIDADES<\/p>\n<ul>\n<li>Gerenciamento de equipe<\/li>\n<li>Capacidade de coordena\u00e7\u00e3o<\/li>\n<li>Motivar os outros<\/li>\n<li>Gest\u00e3o do ambiente de trabalho<\/li>\n<li>Foco em resultados<\/li>\n<\/ul>\n<p>Escolaridade M\u00ednima: Ensino Superior<\/p>\n<p>Forma\u00e7\u00e3o desejada:<\/p>\n<ul>\n<li>Ci\u00eancias cont\u00e1beis, Ensino Superior<\/li>\n<li>Administra\u00e7\u00e3o de empresas, Ensino Superior<\/li>\n<li>Direito, Ensino Superior<\/li>\n<\/ul>\n<p>Sal\u00e1rio: 13000,0<\/p>\n","protected":false},"excerpt":{"rendered":"<p>Sobre a vaga A PVAX est\u00e1 em busca de um profissional para assumir a posi\u00e7\u00e3o de Coordenador de Licita\u00e7\u00f5es. O profissional ser\u00e1 respons\u00e1vel por gerenciar e conduzir processos licitat\u00f3rios, atuando em conjunto com \u00e1reas internas para garantir conformidade com a legisla\u00e7\u00e3o vigente, efici\u00eancia operacional e competitividade nas propostas apresentadas. Responsabilidades Analisar minuciosamente editais de licita\u00e7\u00e3o, [&hellip;]<\/p>\n","protected":false},"author":1,"featured_media":0,"comment_status":"open","ping_status":"open","sticky":false,"template":"","format":"standard","meta":{"footnotes":""},"categories":[21],"tags":[],"class_list":["post-1876","post","type-post","status-publish","format-standard","hentry","category-rio-de-janeiro-rj"],"_links":{"self":[{"href":"https:\/\/vagas.portalemprego.com.br\/index.php?rest_route=\/wp\/v2\/posts\/1876","targetHints":{"allow":["GET"]}}],"collection":[{"href":"https:\/\/vagas.portalemprego.com.br\/index.php?rest_route=\/wp\/v2\/posts"}],"about":[{"href":"https:\/\/vagas.portalemprego.com.br\/index.php?rest_route=\/wp\/v2\/types\/post"}],"author":[{"embeddable":true,"href":"https:\/\/vagas.portalemprego.com.br\/index.php?rest_route=\/wp\/v2\/users\/1"}],"replies":[{"embeddable":true,"href":"https:\/\/vagas.portalemprego.com.br\/index.php?rest_route=%2Fwp%2Fv2%2Fcomments&post=1876"}],"version-history":[{"count":0,"href":"https:\/\/vagas.portalemprego.com.br\/index.php?rest_route=\/wp\/v2\/posts\/1876\/revisions"}],"wp:attachment":[{"href":"https:\/\/vagas.portalemprego.com.br\/index.php?rest_route=%2Fwp%2Fv2%2Fmedia&parent=1876"}],"wp:term":[{"taxonomy":"category","embeddable":true,"href":"https:\/\/vagas.portalemprego.com.br\/index.php?rest_route=%2Fwp%2Fv2%2Fcategories&post=1876"},{"taxonomy":"post_tag","embeddable":true,"href":"https:\/\/vagas.portalemprego.com.br\/index.php?rest_route=%2Fwp%2Fv2%2Ftags&post=1876"}],"curies":[{"name":"wp","href":"https:\/\/api.w.org\/{rel}","templated":true}]}}