{"id":1877,"date":"2026-04-29T06:28:28","date_gmt":"2026-04-29T09:28:28","guid":{"rendered":"https:\/\/vagas.portalemprego.com.br\/?p=1877"},"modified":"2026-04-29T06:28:28","modified_gmt":"2026-04-29T09:28:28","slug":"estagio-em-direito-juridica-rio-de-janeiro","status":"publish","type":"post","link":"https:\/\/vagas.portalemprego.com.br\/?p=1877","title":{"rendered":"Est\u00e1gio em Direito &#8211; Jur\u00eddica &#8211; Rio de Janeiro"},"content":{"rendered":"<p>Escrit\u00f3rio Jur\u00eddico, seleciona estudantes de Direito, cursando do 7\u00ba ao 8\u00ba per\u00edodo, para oportunidade de est\u00e1gio.<\/p>\n<p>Atividades:<br \/>\n&#8211; Apoio na elabora\u00e7\u00e3o de pe\u00e7as processuais;<br \/>\n&#8211; Suporte nas planilhas de processos;<br \/>\n&#8211; Acompanhamento de prazos processuais e retirada de certid\u00f5es.<\/p>\n<p>Local: Recreio dos Bandeirantes, Rj<br \/>\nHor\u00e1rio: Segunda a Sexta &#8211; Das 10h \u00e0s 17h (com 1h de intervalo)<br \/>\nOferece bolsa de R$900 + Aux\u00edlio transporte<\/p>\n<p>Necess\u00e1rio: Conhecimento no Pacote Office<\/p>\n<ul>\n<li>Local de trabalho: Rio de Janeiro, RJ<\/li>\n<li>Regime de contrata\u00e7\u00e3o de tipo: Est\u00e1gio<\/li>\n<li>Jornada: Parcial manh\u00e3s<\/li>\n<li>\u00c1rea e especializa\u00e7\u00e3o profissional: Jur\u00eddica &#8211; Advocacia Geral<\/li>\n<li>N\u00edvel hier\u00e1rquico: Estagi\u00e1rio<\/li>\n<\/ul>\n<p>VALORIZADO<\/p>\n<p>Tempo de experi\u00eancia: Sem experi\u00eancia<\/p>\n<p>Escolaridade M\u00ednima: Curso T\u00e9cnico<\/p>\n<p>Sal\u00e1rio: 1000,0<\/p>\n","protected":false},"excerpt":{"rendered":"<p>Escrit\u00f3rio Jur\u00eddico, seleciona estudantes de Direito, cursando do 7\u00ba ao 8\u00ba per\u00edodo, para oportunidade de est\u00e1gio. Atividades: &#8211; Apoio na elabora\u00e7\u00e3o de pe\u00e7as processuais; &#8211; Suporte nas planilhas de processos; &#8211; Acompanhamento de prazos processuais e retirada de certid\u00f5es. Local: Recreio dos Bandeirantes, Rj Hor\u00e1rio: Segunda a Sexta &#8211; Das 10h \u00e0s 17h (com 1h [&hellip;]<\/p>\n","protected":false},"author":1,"featured_media":0,"comment_status":"open","ping_status":"open","sticky":false,"template":"","format":"standard","meta":{"footnotes":""},"categories":[21],"tags":[],"class_list":["post-1877","post","type-post","status-publish","format-standard","hentry","category-rio-de-janeiro-rj"],"_links":{"self":[{"href":"https:\/\/vagas.portalemprego.com.br\/index.php?rest_route=\/wp\/v2\/posts\/1877","targetHints":{"allow":["GET"]}}],"collection":[{"href":"https:\/\/vagas.portalemprego.com.br\/index.php?rest_route=\/wp\/v2\/posts"}],"about":[{"href":"https:\/\/vagas.portalemprego.com.br\/index.php?rest_route=\/wp\/v2\/types\/post"}],"author":[{"embeddable":true,"href":"https:\/\/vagas.portalemprego.com.br\/index.php?rest_route=\/wp\/v2\/users\/1"}],"replies":[{"embeddable":true,"href":"https:\/\/vagas.portalemprego.com.br\/index.php?rest_route=%2Fwp%2Fv2%2Fcomments&post=1877"}],"version-history":[{"count":0,"href":"https:\/\/vagas.portalemprego.com.br\/index.php?rest_route=\/wp\/v2\/posts\/1877\/revisions"}],"wp:attachment":[{"href":"https:\/\/vagas.portalemprego.com.br\/index.php?rest_route=%2Fwp%2Fv2%2Fmedia&parent=1877"}],"wp:term":[{"taxonomy":"category","embeddable":true,"href":"https:\/\/vagas.portalemprego.com.br\/index.php?rest_route=%2Fwp%2Fv2%2Fcategories&post=1877"},{"taxonomy":"post_tag","embeddable":true,"href":"https:\/\/vagas.portalemprego.com.br\/index.php?rest_route=%2Fwp%2Fv2%2Ftags&post=1877"}],"curies":[{"name":"wp","href":"https:\/\/api.w.org\/{rel}","templated":true}]}}