{"id":1884,"date":"2026-04-29T06:28:28","date_gmt":"2026-04-29T09:28:28","guid":{"rendered":"https:\/\/vagas.portalemprego.com.br\/?p=1884"},"modified":"2026-04-29T06:28:28","modified_gmt":"2026-04-29T09:28:28","slug":"analista-de-licitacao-juridica-rio-de-janeiro","status":"publish","type":"post","link":"https:\/\/vagas.portalemprego.com.br\/?p=1884","title":{"rendered":"Analista de Licita\u00e7\u00e3o &#8211; Jur\u00eddica &#8211; Rio de Janeiro"},"content":{"rendered":"<p>ANALISTA DE LICITA\u00c7\u00c3O JR <\/p>\n<p>?? Sal\u00e1rio R$ 3.500 + at\u00e9 R$ 2.500 de vari\u00e1vel<br \/>\n ?? Segunda a sexta | Hor\u00e1rio comercial<br \/>\n ?? Oportunidade real de crescimento + atua\u00e7\u00e3o direta em licita\u00e7\u00f5es<br \/>\nSe voc\u00ea j\u00e1 atua com licita\u00e7\u00f5es e quer sair do operacional b\u00e1sico para um ambiente mais estruturado, com metas e reconhecimento financeiro, essa vaga \u00e9 pra voc\u00ea ??<br \/>\n?? O QUE VOC\u00ca VAI FAZER NA PR\u00c1TICA:<br \/>\nAtuar diretamente em preg\u00f5es eletr\u00f4nicos (lances e acompanhamento)<br \/>\nAnalisar editais com vis\u00e3o estrat\u00e9gica (t\u00e9cnico, jur\u00eddico e comercial)<br \/>\nMontar e enviar propostas<br \/>\nControlar prazos e processos licitat\u00f3rios (sem margem pra erro ??)<br \/>\nElaborar recursos, impugna\u00e7\u00f5es e esclarecimentos<br \/>\nTrabalhar com alto volume de informa\u00e7\u00f5es (Excel + sistemas)<br \/>\n?? O QUE BUSCAMOS:<br \/>\n? Experi\u00eancia m\u00ednima de 1 ano com licita\u00e7\u00f5es<br \/>\n ? J\u00e1 ter participado de preg\u00f5es eletr\u00f4nicos na pr\u00e1tica<br \/>\n ? Boa leitura e interpreta\u00e7\u00e3o de editais<br \/>\n ? Excel intermedi\u00e1rio<br \/>\n?\u00a0Conhecimento da legisla\u00e7\u00e3o de licita\u00e7\u00f5es, especialmente a Lei n\u00ba 14.133\/2021 e legisla\u00e7\u00e3o correlata.<br \/>\n?\u00a0Experi\u00eancia em plataformas de compras p\u00fablicas, como Comprasnet, Licita\u00e7\u00f5es-e, BBMNET, entre outras.<br \/>\n ? Perfil anal\u00edtico, organizado e focado em prazo<br \/>\n?? Diferencial: experi\u00eancia com medicamentos ou vendas para \u00f3rg\u00e3os p\u00fablicos e conhecimento no Sistema Tanis.<br \/>\n?? REMUNERA\u00c7\u00c3O E BENEF\u00cdCIOS<br \/>\nSal\u00e1rio fixo: R$ 3.500<br \/>\nVari\u00e1vel por meta<br \/>\nVale refei\u00e7\u00e3o: R$ 35\/dia<br \/>\nVale transporte<br \/>\n? JORNADA<br \/>\nSegunda a sexta &#8211; 08h \u00e0s 17:48 ou 08:30 \u00e0s 18:18<br \/>\n?? IMPORTANTE (LEIA ANTES DE SE CANDIDATAR):<br \/>\nEssa vaga exige algu\u00e9m:<br \/>\nExtremamente organizado<br \/>\nQue goste de trabalhar com prazos e detalhes<br \/>\nCom perfil mais anal\u00edtico do que comercial<\/p>\n<ul>\n<li>N\u00famero de vagas: 2<\/li>\n<li>Local de trabalho: Rio de Janeiro, RJ<\/li>\n<li>Regime de contrata\u00e7\u00e3o de tipo: Efetivo \u2013 CLT<\/li>\n<li>Jornada: Per\u00edodo Integral<\/li>\n<li>\u00c1rea e especializa\u00e7\u00e3o profissional: Jur\u00eddica &#8211; Advocacia Geral<\/li>\n<li>N\u00edvel hier\u00e1rquico: Analista<\/li>\n<\/ul>\n<p>VALORIZADO<\/p>\n<p>Tempo de experi\u00eancia: Entre 1 e 3 anos<\/p>\n<p>HABILIDADES<\/p>\n<ul>\n<li>Sistema Tanis<\/li>\n<li>BBMNET,<\/li>\n<li>Licita\u00e7\u00f5es-e<\/li>\n<li>Comprasnet<\/li>\n<li>preg\u00f5es eletr\u00f4nicos<\/li>\n<li>processos licitat\u00f3rios<\/li>\n<li>Analisar editais<\/li>\n<li>Excel<\/li>\n<\/ul>\n<p>Escolaridade M\u00ednima: Ensino Superior<\/p>\n<ul>\n<li>Vale-refei\u00e7\u00e3o<\/li>\n<li>Vale-transporte<\/li>\n<\/ul>\n<p>Sal\u00e1rio: 4000,0<\/p>\n","protected":false},"excerpt":{"rendered":"<p>ANALISTA DE LICITA\u00c7\u00c3O JR ?? Sal\u00e1rio R$ 3.500 + at\u00e9 R$ 2.500 de vari\u00e1vel ?? Segunda a sexta | Hor\u00e1rio comercial ?? Oportunidade real de crescimento + atua\u00e7\u00e3o direta em licita\u00e7\u00f5es Se voc\u00ea j\u00e1 atua com licita\u00e7\u00f5es e quer sair do operacional b\u00e1sico para um ambiente mais estruturado, com metas e reconhecimento financeiro, essa vaga [&hellip;]<\/p>\n","protected":false},"author":1,"featured_media":0,"comment_status":"open","ping_status":"open","sticky":false,"template":"","format":"standard","meta":{"footnotes":""},"categories":[21],"tags":[],"class_list":["post-1884","post","type-post","status-publish","format-standard","hentry","category-rio-de-janeiro-rj"],"_links":{"self":[{"href":"https:\/\/vagas.portalemprego.com.br\/index.php?rest_route=\/wp\/v2\/posts\/1884","targetHints":{"allow":["GET"]}}],"collection":[{"href":"https:\/\/vagas.portalemprego.com.br\/index.php?rest_route=\/wp\/v2\/posts"}],"about":[{"href":"https:\/\/vagas.portalemprego.com.br\/index.php?rest_route=\/wp\/v2\/types\/post"}],"author":[{"embeddable":true,"href":"https:\/\/vagas.portalemprego.com.br\/index.php?rest_route=\/wp\/v2\/users\/1"}],"replies":[{"embeddable":true,"href":"https:\/\/vagas.portalemprego.com.br\/index.php?rest_route=%2Fwp%2Fv2%2Fcomments&post=1884"}],"version-history":[{"count":0,"href":"https:\/\/vagas.portalemprego.com.br\/index.php?rest_route=\/wp\/v2\/posts\/1884\/revisions"}],"wp:attachment":[{"href":"https:\/\/vagas.portalemprego.com.br\/index.php?rest_route=%2Fwp%2Fv2%2Fmedia&parent=1884"}],"wp:term":[{"taxonomy":"category","embeddable":true,"href":"https:\/\/vagas.portalemprego.com.br\/index.php?rest_route=%2Fwp%2Fv2%2Fcategories&post=1884"},{"taxonomy":"post_tag","embeddable":true,"href":"https:\/\/vagas.portalemprego.com.br\/index.php?rest_route=%2Fwp%2Fv2%2Ftags&post=1884"}],"curies":[{"name":"wp","href":"https:\/\/api.w.org\/{rel}","templated":true}]}}