{"id":1890,"date":"2026-04-29T06:29:29","date_gmt":"2026-04-29T09:29:29","guid":{"rendered":"https:\/\/vagas.portalemprego.com.br\/?p=1890"},"modified":"2026-04-29T06:29:29","modified_gmt":"2026-04-29T09:29:29","slug":"operador-de-producao-i-industrial-producao-fabrica-rio-de-janeiro","status":"publish","type":"post","link":"https:\/\/vagas.portalemprego.com.br\/?p=1890","title":{"rendered":"Operador de Produ\u00e7\u00e3o I &#8211; Industrial, Produ\u00e7\u00e3o, F\u00e1brica &#8211; Rio de Janeiro"},"content":{"rendered":"<p>Farmac\u00eautica\u00a0contrata:\u00a0Operador\u00a0de\u00a0Produ\u00e7\u00e3o\u00a0I<\/p>\n<p>Tipo\u00a0de\u00a0contrato:\u00a0Contrato\u00a0de\u00a0trabalho\u00a0tempor\u00e1rio<br \/>\nModelo\u00a0de\u00a0trabalho:\u00a0Presencial<br \/>\nHor\u00e1rio\u00a0de\u00a0trabalho:\u00a0Segunda\u00a0a\u00a0sexta\u00a0feira.\u2013\u00a022h30\u00a0\u00e0s\u00a006h30\u00a0(\u00a0terceiro\u00a0turno)<br \/>\nResponsabilidades:<br \/>\nRealizam\u00a0interfaces\u00a0de\u00a0turnos\u00a0de\u00a0trabalho,\u00a0programam\u00a0atividades\u00a0de\u00a0produ\u00e7\u00e3o\u00a0e\u00a0monitoram\u00a0funcionamento\u00a0de\u00a0equipamentos\u00a0e\u00a0sistemas;<br \/>\nControlam\u00a0par\u00e2metros\u00a0do\u00a0processo\u00a0produtivo,\u00a0operam\u00a0suas\u00a0etapas\u00a0e\u00a0movimentam\u00a0materiais\u00a0e\u00a0insumos;<br \/>\nTrabalham\u00a0em\u00a0conformidade\u00a0a\u00a0normas\u00a0e\u00a0procedimentos\u00a0t\u00e9cnicos\u00a0de\u00a0qualidade,\u00a0seguran\u00e7a,\u00a0higiene,\u00a0sa\u00fade\u00a0e\u00a0preserva\u00e7\u00e3o\u00a0ambiental;<br \/>\nEscolaridade:<br \/>\nEnsino\u00a0M\u00e9dio\u00a0Completo;<br \/>\nCompet\u00eancias\u00a0T\u00e9cnicas:<br \/>\nExperi\u00eancia\u00a0na\u00a0\u00e1rea\u00a0de\u00a0produ\u00e7\u00e3o,\u00a0preferencialmente\u00a0com\u00a0ind\u00fastrias\u00a0farmac\u00eauticas;<br \/>\nNo\u00e7\u00f5es\u00a0b\u00e1sicas\u00a0de\u00a0boas\u00a0pr\u00e1ticas\u00a0de\u00a0fabrica\u00e7\u00e3o;<br \/>\nBenef\u00edcios:<br \/>\nVale\u00a0transporte;<br \/>\nRefei\u00e7\u00e3o\u00a0no\u00a0local;<br \/>\nInforma\u00e7\u00f5es\u00a0da\u00a0Empresa:<br \/>\nSegmento:\u00a0Farmac\u00eautico;<br \/>\nLocaliza\u00e7\u00e3o:\u00a0Rio\u00a0de\u00a0Janeiro\/\u00a0Taquara<\/p>\n<ul>\n<li>Local de trabalho: Rio de Janeiro, RJ<\/li>\n<li>Regime de contrata\u00e7\u00e3o de tipo: Tempor\u00e1rio<\/li>\n<li>Jornada: Per\u00edodo Integral<\/li>\n<li>\u00c1rea e especializa\u00e7\u00e3o profissional: Industrial, Produ\u00e7\u00e3o, F\u00e1brica &#8211; Produ\u00e7\u00e3o<\/li>\n<li>N\u00edvel hier\u00e1rquico: Operacional<\/li>\n<\/ul>\n<p>Escolaridade M\u00ednima: Ensino M\u00e9dio (2\u00ba Grau)<\/p>\n<ul>\n<li>Vale-transporte<\/li>\n<li>Refei\u00e7\u00e3o no local<\/li>\n<\/ul>\n<p>Sal\u00e1rio: 2339,74<\/p>\n","protected":false},"excerpt":{"rendered":"<p>Farmac\u00eautica\u00a0contrata:\u00a0Operador\u00a0de\u00a0Produ\u00e7\u00e3o\u00a0I Tipo\u00a0de\u00a0contrato:\u00a0Contrato\u00a0de\u00a0trabalho\u00a0tempor\u00e1rio Modelo\u00a0de\u00a0trabalho:\u00a0Presencial Hor\u00e1rio\u00a0de\u00a0trabalho:\u00a0Segunda\u00a0a\u00a0sexta\u00a0feira.\u2013\u00a022h30\u00a0\u00e0s\u00a006h30\u00a0(\u00a0terceiro\u00a0turno) Responsabilidades: Realizam\u00a0interfaces\u00a0de\u00a0turnos\u00a0de\u00a0trabalho,\u00a0programam\u00a0atividades\u00a0de\u00a0produ\u00e7\u00e3o\u00a0e\u00a0monitoram\u00a0funcionamento\u00a0de\u00a0equipamentos\u00a0e\u00a0sistemas; Controlam\u00a0par\u00e2metros\u00a0do\u00a0processo\u00a0produtivo,\u00a0operam\u00a0suas\u00a0etapas\u00a0e\u00a0movimentam\u00a0materiais\u00a0e\u00a0insumos; Trabalham\u00a0em\u00a0conformidade\u00a0a\u00a0normas\u00a0e\u00a0procedimentos\u00a0t\u00e9cnicos\u00a0de\u00a0qualidade,\u00a0seguran\u00e7a,\u00a0higiene,\u00a0sa\u00fade\u00a0e\u00a0preserva\u00e7\u00e3o\u00a0ambiental; Escolaridade: Ensino\u00a0M\u00e9dio\u00a0Completo; Compet\u00eancias\u00a0T\u00e9cnicas: Experi\u00eancia\u00a0na\u00a0\u00e1rea\u00a0de\u00a0produ\u00e7\u00e3o,\u00a0preferencialmente\u00a0com\u00a0ind\u00fastrias\u00a0farmac\u00eauticas; No\u00e7\u00f5es\u00a0b\u00e1sicas\u00a0de\u00a0boas\u00a0pr\u00e1ticas\u00a0de\u00a0fabrica\u00e7\u00e3o; Benef\u00edcios: Vale\u00a0transporte; Refei\u00e7\u00e3o\u00a0no\u00a0local; Informa\u00e7\u00f5es\u00a0da\u00a0Empresa: Segmento:\u00a0Farmac\u00eautico; Localiza\u00e7\u00e3o:\u00a0Rio\u00a0de\u00a0Janeiro\/\u00a0Taquara Local de trabalho: Rio de Janeiro, RJ Regime de contrata\u00e7\u00e3o de tipo: Tempor\u00e1rio Jornada: Per\u00edodo Integral \u00c1rea e especializa\u00e7\u00e3o profissional: Industrial, Produ\u00e7\u00e3o, F\u00e1brica &#8211; Produ\u00e7\u00e3o N\u00edvel hier\u00e1rquico: Operacional Escolaridade M\u00ednima: Ensino M\u00e9dio (2\u00ba Grau) Vale-transporte Refei\u00e7\u00e3o [&hellip;]<\/p>\n","protected":false},"author":1,"featured_media":0,"comment_status":"open","ping_status":"open","sticky":false,"template":"","format":"standard","meta":{"footnotes":""},"categories":[21],"tags":[],"class_list":["post-1890","post","type-post","status-publish","format-standard","hentry","category-rio-de-janeiro-rj"],"_links":{"self":[{"href":"https:\/\/vagas.portalemprego.com.br\/index.php?rest_route=\/wp\/v2\/posts\/1890","targetHints":{"allow":["GET"]}}],"collection":[{"href":"https:\/\/vagas.portalemprego.com.br\/index.php?rest_route=\/wp\/v2\/posts"}],"about":[{"href":"https:\/\/vagas.portalemprego.com.br\/index.php?rest_route=\/wp\/v2\/types\/post"}],"author":[{"embeddable":true,"href":"https:\/\/vagas.portalemprego.com.br\/index.php?rest_route=\/wp\/v2\/users\/1"}],"replies":[{"embeddable":true,"href":"https:\/\/vagas.portalemprego.com.br\/index.php?rest_route=%2Fwp%2Fv2%2Fcomments&post=1890"}],"version-history":[{"count":0,"href":"https:\/\/vagas.portalemprego.com.br\/index.php?rest_route=\/wp\/v2\/posts\/1890\/revisions"}],"wp:attachment":[{"href":"https:\/\/vagas.portalemprego.com.br\/index.php?rest_route=%2Fwp%2Fv2%2Fmedia&parent=1890"}],"wp:term":[{"taxonomy":"category","embeddable":true,"href":"https:\/\/vagas.portalemprego.com.br\/index.php?rest_route=%2Fwp%2Fv2%2Fcategories&post=1890"},{"taxonomy":"post_tag","embeddable":true,"href":"https:\/\/vagas.portalemprego.com.br\/index.php?rest_route=%2Fwp%2Fv2%2Ftags&post=1890"}],"curies":[{"name":"wp","href":"https:\/\/api.w.org\/{rel}","templated":true}]}}