{"id":1891,"date":"2026-04-29T06:29:29","date_gmt":"2026-04-29T09:29:29","guid":{"rendered":"https:\/\/vagas.portalemprego.com.br\/?p=1891"},"modified":"2026-04-29T06:29:29","modified_gmt":"2026-04-29T09:29:29","slug":"analista-de-redes-vaga-afirmativa-tambem-para-o-publico-pcd-informatica-ti-telecomunicacoes-rio-de-janeiro","status":"publish","type":"post","link":"https:\/\/vagas.portalemprego.com.br\/?p=1891","title":{"rendered":"Analista de Redes &#8211; Vaga Afirmativa tamb\u00e9m para o p\u00fablico PCD &#8211; Inform\u00e1tica, TI, Telecomunica\u00e7\u00f5es &#8211; Rio de Janeiro"},"content":{"rendered":"<p>Esta vaga tamb\u00e9m \u00e9 destinada a Pessoas com Defici\u00eancia (PCD). Valorizamos a diversidade e incentivamos a candidatura de profissionais de todos os perfis.<\/p>\n<p>Atividades da vaga:<\/p>\n<p>Administrar, monitorar e manter a infraestrutura de redes (LAN, WAN, VPN).<br \/>\nRealizar configura\u00e7\u00e3o, troubleshooting e otimiza\u00e7\u00e3o de equipamentos de rede.<br \/>\nAtuar na an\u00e1lise e resolu\u00e7\u00e3o de incidentes de conectividade.<br \/>\nApoiar projetos de implanta\u00e7\u00e3o e expans\u00e3o de redes.<br \/>\nImplementar e manter pol\u00edticas de seguran\u00e7a.<br \/>\nDocumentar configura\u00e7\u00f5es, procedimentos e topologias.<br \/>\nAtuar em conjunto com times de sistemas, seguran\u00e7a e opera\u00e7\u00f5es.<\/p>\n<p>No ManpowerGroup, a sua carreira tem um novo rumo! Se voc\u00ea est\u00e1 em busca de crescimento, desafios e um ambiente que valoriza o seu potencial, venha fazer parte do nosso time. Aqui, cada talento \u00e9 reconhecido e valorizado.<\/p>\n<p>Candidate-se agora e transforme seu futuro com a gente !<\/p>\n<p>Requisitos e qualifica\u00e7\u00f5es<br \/>\nEnsino superior completo na \u00e1rea de TI ou correlatas.<br \/>\nExperi\u00eancia comprovada em administra\u00e7\u00e3o e opera\u00e7\u00e3o de redes de computadores.<br \/>\nConhecimentos s\u00f3lidos em protocolos de rede (TCP\/IP, VLAN, routing, switching, VPN, etc.).<br \/>\nCertifica\u00e7\u00e3o CCNA (v\u00e1lida ou expirada, desde que comprovada).<br \/>\nIngl\u00eas interemedi\u00e1rio a avan\u00e7ado (Entender e falar).<br \/>\nExperi\u00eancia em configura\u00e7\u00e3o e troubleshooting de equipamentos de rede.<\/p>\n<p>Diferenciais:<br \/>\nCertifica\u00e7\u00e3o ou estudo para CCNP.<br \/>\nExperi\u00eancia em ambientes cr\u00edticos ou de alta disponibilidade.<br \/>\nConhecimento em monitoramento de rede.<br \/>\nExperi\u00eancia com seguran\u00e7a de redes.<\/p>\n<p>#RedesDeComputadores #InfraestruturaDeTI #Seguran\u00e7aDaInforma\u00e7\u00e3o #Troubleshooting #TecnologiaDaInforma\u00e7\u00e3o #VagasManpower<\/p>\n<ul>\n<li>Local de trabalho: Rio de Janeiro, RJ<\/li>\n<li>Regime de contrata\u00e7\u00e3o de tipo: Efetivo \u2013 CLT<\/li>\n<li>Jornada: Per\u00edodo Integral<\/li>\n<li>\u00c1rea e especializa\u00e7\u00e3o profissional: Inform\u00e1tica, TI, Telecomunica\u00e7\u00f5es &#8211; Inform\u00e1tica<\/li>\n<li>N\u00edvel hier\u00e1rquico: Analista<\/li>\n<\/ul>\n<p>Escolaridade M\u00ednima: Ensino Superior<\/p>\n<ul>\n<li>Vale Transporte; Vale Refei\u00e7\u00e3o; Seguro de Vida; Assist\u00eancia M\u00e9dica; Assist\u00eancia de Odontol\u00f3gica.<\/li>\n<\/ul>\n","protected":false},"excerpt":{"rendered":"<p>Esta vaga tamb\u00e9m \u00e9 destinada a Pessoas com Defici\u00eancia (PCD). Valorizamos a diversidade e incentivamos a candidatura de profissionais de todos os perfis. Atividades da vaga: Administrar, monitorar e manter a infraestrutura de redes (LAN, WAN, VPN). Realizar configura\u00e7\u00e3o, troubleshooting e otimiza\u00e7\u00e3o de equipamentos de rede. Atuar na an\u00e1lise e resolu\u00e7\u00e3o de incidentes de conectividade. [&hellip;]<\/p>\n","protected":false},"author":1,"featured_media":0,"comment_status":"open","ping_status":"open","sticky":false,"template":"","format":"standard","meta":{"footnotes":""},"categories":[21],"tags":[],"class_list":["post-1891","post","type-post","status-publish","format-standard","hentry","category-rio-de-janeiro-rj"],"_links":{"self":[{"href":"https:\/\/vagas.portalemprego.com.br\/index.php?rest_route=\/wp\/v2\/posts\/1891","targetHints":{"allow":["GET"]}}],"collection":[{"href":"https:\/\/vagas.portalemprego.com.br\/index.php?rest_route=\/wp\/v2\/posts"}],"about":[{"href":"https:\/\/vagas.portalemprego.com.br\/index.php?rest_route=\/wp\/v2\/types\/post"}],"author":[{"embeddable":true,"href":"https:\/\/vagas.portalemprego.com.br\/index.php?rest_route=\/wp\/v2\/users\/1"}],"replies":[{"embeddable":true,"href":"https:\/\/vagas.portalemprego.com.br\/index.php?rest_route=%2Fwp%2Fv2%2Fcomments&post=1891"}],"version-history":[{"count":0,"href":"https:\/\/vagas.portalemprego.com.br\/index.php?rest_route=\/wp\/v2\/posts\/1891\/revisions"}],"wp:attachment":[{"href":"https:\/\/vagas.portalemprego.com.br\/index.php?rest_route=%2Fwp%2Fv2%2Fmedia&parent=1891"}],"wp:term":[{"taxonomy":"category","embeddable":true,"href":"https:\/\/vagas.portalemprego.com.br\/index.php?rest_route=%2Fwp%2Fv2%2Fcategories&post=1891"},{"taxonomy":"post_tag","embeddable":true,"href":"https:\/\/vagas.portalemprego.com.br\/index.php?rest_route=%2Fwp%2Fv2%2Ftags&post=1891"}],"curies":[{"name":"wp","href":"https:\/\/api.w.org\/{rel}","templated":true}]}}