{"id":1900,"date":"2026-04-29T06:29:29","date_gmt":"2026-04-29T09:29:29","guid":{"rendered":"https:\/\/vagas.portalemprego.com.br\/?p=1900"},"modified":"2026-04-29T06:29:29","modified_gmt":"2026-04-29T09:29:29","slug":"lider-de-montagem-de-estrutura-metalica-construcao-manutencao-rio-de-janeiro","status":"publish","type":"post","link":"https:\/\/vagas.portalemprego.com.br\/?p=1900","title":{"rendered":"L\u00edder de Montagem de Estrutura Met\u00e1lica &#8211; Constru\u00e7\u00e3o, Manuten\u00e7\u00e3o &#8211; Rio de Janeiro"},"content":{"rendered":"<p>Empresa do segmento de Arte e Cultura contrata :  L\u00edder de Montagem de Estrutura Met\u00e1lica<br \/>\nPr\u00e9 requisitos :<br \/>\nEnsino m\u00e9dio completo<br \/>\nS\u00f3lida experi\u00eancia na \u00e1rea, incluindo lideran\u00e7a de equipe.<br \/>\nConhecimento em leitura e interpreta\u00e7\u00e3o de projetos<br \/>\nExperi\u00eancia com montagem met\u00e1lica e solda.<br \/>\nDisponibilidade para viagens<br \/>\nAtividades :<br \/>\nCondu\u00e7\u00e3o e gest\u00e3o de equipe, leitura e interpreta\u00e7\u00e3o de projetos, prepara\u00e7\u00e3o dos servi\u00e7os, listagem de materiais e ferramentais<\/p>\n<ul>\n<li>Local de trabalho: Rio de Janeiro, RJ<\/li>\n<li>Regime de contrata\u00e7\u00e3o de tipo: Efetivo \u2013 CLT<\/li>\n<li>Jornada: Per\u00edodo Integral<\/li>\n<li>\u00c1rea e especializa\u00e7\u00e3o profissional: Constru\u00e7\u00e3o, Manuten\u00e7\u00e3o &#8211; Constru\u00e7\u00e3o Civil<\/li>\n<li>N\u00edvel hier\u00e1rquico: Encarregado<\/li>\n<\/ul>\n<p>Escolaridade M\u00ednima: Ensino M\u00e9dio (2\u00ba Grau)<\/p>\n<ul>\n<li>Assist\u00eancia m\u00e9dica<\/li>\n<li>Assist\u00eancia odontol\u00f3gica<\/li>\n<li>Vale-alimenta\u00e7\u00e3o<\/li>\n<li>Seguro de Vida<\/li>\n<\/ul>\n<p>Sal\u00e1rio: 5000,0<\/p>\n","protected":false},"excerpt":{"rendered":"<p>Empresa do segmento de Arte e Cultura contrata : L\u00edder de Montagem de Estrutura Met\u00e1lica Pr\u00e9 requisitos : Ensino m\u00e9dio completo S\u00f3lida experi\u00eancia na \u00e1rea, incluindo lideran\u00e7a de equipe. Conhecimento em leitura e interpreta\u00e7\u00e3o de projetos Experi\u00eancia com montagem met\u00e1lica e solda. Disponibilidade para viagens Atividades : Condu\u00e7\u00e3o e gest\u00e3o de equipe, leitura e interpreta\u00e7\u00e3o [&hellip;]<\/p>\n","protected":false},"author":1,"featured_media":0,"comment_status":"open","ping_status":"open","sticky":false,"template":"","format":"standard","meta":{"footnotes":""},"categories":[21],"tags":[],"class_list":["post-1900","post","type-post","status-publish","format-standard","hentry","category-rio-de-janeiro-rj"],"_links":{"self":[{"href":"https:\/\/vagas.portalemprego.com.br\/index.php?rest_route=\/wp\/v2\/posts\/1900","targetHints":{"allow":["GET"]}}],"collection":[{"href":"https:\/\/vagas.portalemprego.com.br\/index.php?rest_route=\/wp\/v2\/posts"}],"about":[{"href":"https:\/\/vagas.portalemprego.com.br\/index.php?rest_route=\/wp\/v2\/types\/post"}],"author":[{"embeddable":true,"href":"https:\/\/vagas.portalemprego.com.br\/index.php?rest_route=\/wp\/v2\/users\/1"}],"replies":[{"embeddable":true,"href":"https:\/\/vagas.portalemprego.com.br\/index.php?rest_route=%2Fwp%2Fv2%2Fcomments&post=1900"}],"version-history":[{"count":0,"href":"https:\/\/vagas.portalemprego.com.br\/index.php?rest_route=\/wp\/v2\/posts\/1900\/revisions"}],"wp:attachment":[{"href":"https:\/\/vagas.portalemprego.com.br\/index.php?rest_route=%2Fwp%2Fv2%2Fmedia&parent=1900"}],"wp:term":[{"taxonomy":"category","embeddable":true,"href":"https:\/\/vagas.portalemprego.com.br\/index.php?rest_route=%2Fwp%2Fv2%2Fcategories&post=1900"},{"taxonomy":"post_tag","embeddable":true,"href":"https:\/\/vagas.portalemprego.com.br\/index.php?rest_route=%2Fwp%2Fv2%2Ftags&post=1900"}],"curies":[{"name":"wp","href":"https:\/\/api.w.org\/{rel}","templated":true}]}}