{"id":1904,"date":"2026-04-29T06:29:29","date_gmt":"2026-04-29T09:29:29","guid":{"rendered":"https:\/\/vagas.portalemprego.com.br\/?p=1904"},"modified":"2026-04-29T06:29:29","modified_gmt":"2026-04-29T09:29:29","slug":"oficial-de-manutencao-civil-i-gavea-rj-construcao-manutencao-rio-de-janeiro","status":"publish","type":"post","link":"https:\/\/vagas.portalemprego.com.br\/?p=1904","title":{"rendered":"OFICIAL DE MANUTEN\u00c7\u00c3O CIVIL I &#8211; G\u00c1VEA\/RJ &#8211; Constru\u00e7\u00e3o, Manuten\u00e7\u00e3o &#8211; Rio de Janeiro"},"content":{"rendered":"<p>POSSUIR F\u00c1CIL ACESSO AT\u00c9 A G\u00c1VEA.<br \/>\nPOSSUIR EXPERI\u00caNCIA NA MANUTEN\u00c7\u00c3O CIVIL PREDIAL.<br \/>\nTER DISPONIBILIDADE PARA TRABALHAR NA ESCALA 12X36 DAS 10:00 \u00c0S 22:00.<br \/>\nATIVIDADES:<br \/>\nExecutar trabalhos de alvenaria, concreto e outros materiais, guiando-se por desenhos, esquemas e especifica\u00e7\u00f5es, utilizando processos e instrumentos pertinentes ao of\u00edcio, para construir, reformar ou reparar pr\u00e9dios e obras similares; Verificar as caracter\u00edsticas da obra, examinando a planta e especifica\u00e7\u00f5es, para orientar-se na escolha do material apropriado e na melhor forma de execu\u00e7\u00e3o do trabalho; Misturar cimento, areia e \u00e1gua, dosando as quantidades de forma adequada, para obter a argamassa a ser empregada no assentamento de alvenaria, tijolos, ladrilhos e materiais afins; Construir alicerces, empregando pedras ou cimentos, para formar a base de paredes, muros e constru\u00e7\u00f5es similares; Assentar tijolos, ladrilhos ou pedras; Rebocar as estruturas constru\u00eddas; Proceder \u00e0 aplica\u00e7\u00e3o de camadas de cimento, assentamento de ladrilhos ou material similar; Construir base de concreto ou de outro material para possibilitar a instala\u00e7\u00e3o de m\u00e1quinas e para outros fins; Realizar trabalhos de manuten\u00e7\u00e3o corretiva de pr\u00e9dios, cal\u00e7adas e estruturas semelhantes, reparando paredes e pisos, trocando telhas, aparelhos sanit\u00e1rios, manilhas e outras pe\u00e7as e chumbando bases danificadas; Montar e desmontar andaimes de madeira ou met\u00e1licos para execu\u00e7\u00e3o da obra desejada; Zelar pela conserva\u00e7\u00e3o e limpeza do material e do local de trabalho; Executar outras tarefas relacionadas ao cargo.<\/p>\n<ul>\n<li>Local de trabalho: Rio de Janeiro, RJ<\/li>\n<li>Regime de contrata\u00e7\u00e3o de tipo: Efetivo \u2013 CLT<\/li>\n<li>Jornada: Per\u00edodo Integral<\/li>\n<li>\u00c1rea e especializa\u00e7\u00e3o profissional: Constru\u00e7\u00e3o, Manuten\u00e7\u00e3o &#8211; Manuten\u00e7\u00e3o em Geral<\/li>\n<li>N\u00edvel hier\u00e1rquico: Operacional<\/li>\n<\/ul>\n<p>VALORIZADO<\/p>\n<p>Tempo de experi\u00eancia: Entre 1 e 3 anos<\/p>\n<p>Escolaridade M\u00ednima: Ensino Fundamental (1\u00ba grau)<\/p>\n<ul>\n<li>VALE TRANSPORTE<\/li>\n<li>WELHUB<\/li>\n<li>PLANO DE CARREIRA<\/li>\n<li>CONVENIO MEDICO<\/li>\n<li>CONVENIO ODONTOLOGICO<\/li>\n<li>VALE ALIMENTA\u00c7\u00c3O OU REFEI\u00c7\u00c3O<\/li>\n<li>SEGURO DE VIDA<\/li>\n<\/ul>\n<p>Sal\u00e1rio: 2511,99<\/p>\n","protected":false},"excerpt":{"rendered":"<p>POSSUIR F\u00c1CIL ACESSO AT\u00c9 A G\u00c1VEA. POSSUIR EXPERI\u00caNCIA NA MANUTEN\u00c7\u00c3O CIVIL PREDIAL. TER DISPONIBILIDADE PARA TRABALHAR NA ESCALA 12X36 DAS 10:00 \u00c0S 22:00. ATIVIDADES: Executar trabalhos de alvenaria, concreto e outros materiais, guiando-se por desenhos, esquemas e especifica\u00e7\u00f5es, utilizando processos e instrumentos pertinentes ao of\u00edcio, para construir, reformar ou reparar pr\u00e9dios e obras similares; Verificar [&hellip;]<\/p>\n","protected":false},"author":1,"featured_media":0,"comment_status":"open","ping_status":"open","sticky":false,"template":"","format":"standard","meta":{"footnotes":""},"categories":[21],"tags":[],"class_list":["post-1904","post","type-post","status-publish","format-standard","hentry","category-rio-de-janeiro-rj"],"_links":{"self":[{"href":"https:\/\/vagas.portalemprego.com.br\/index.php?rest_route=\/wp\/v2\/posts\/1904","targetHints":{"allow":["GET"]}}],"collection":[{"href":"https:\/\/vagas.portalemprego.com.br\/index.php?rest_route=\/wp\/v2\/posts"}],"about":[{"href":"https:\/\/vagas.portalemprego.com.br\/index.php?rest_route=\/wp\/v2\/types\/post"}],"author":[{"embeddable":true,"href":"https:\/\/vagas.portalemprego.com.br\/index.php?rest_route=\/wp\/v2\/users\/1"}],"replies":[{"embeddable":true,"href":"https:\/\/vagas.portalemprego.com.br\/index.php?rest_route=%2Fwp%2Fv2%2Fcomments&post=1904"}],"version-history":[{"count":0,"href":"https:\/\/vagas.portalemprego.com.br\/index.php?rest_route=\/wp\/v2\/posts\/1904\/revisions"}],"wp:attachment":[{"href":"https:\/\/vagas.portalemprego.com.br\/index.php?rest_route=%2Fwp%2Fv2%2Fmedia&parent=1904"}],"wp:term":[{"taxonomy":"category","embeddable":true,"href":"https:\/\/vagas.portalemprego.com.br\/index.php?rest_route=%2Fwp%2Fv2%2Fcategories&post=1904"},{"taxonomy":"post_tag","embeddable":true,"href":"https:\/\/vagas.portalemprego.com.br\/index.php?rest_route=%2Fwp%2Fv2%2Ftags&post=1904"}],"curies":[{"name":"wp","href":"https:\/\/api.w.org\/{rel}","templated":true}]}}