{"id":1905,"date":"2026-04-29T06:29:29","date_gmt":"2026-04-29T09:29:29","guid":{"rendered":"https:\/\/vagas.portalemprego.com.br\/?p=1905"},"modified":"2026-04-29T06:29:29","modified_gmt":"2026-04-29T09:29:29","slug":"analista-financeiro-contabil-financas-economia-rio-de-janeiro","status":"publish","type":"post","link":"https:\/\/vagas.portalemprego.com.br\/?p=1905","title":{"rendered":"Analista Financeiro &#8211; Cont\u00e1bil, Finan\u00e7as, Economia &#8211; Rio de Janeiro"},"content":{"rendered":"<p>Voc\u00ea ser\u00e1 o profissional respons\u00e1vel pela opera\u00e7\u00e3o financeira completa do grupo, atuando com autonomia e reportando diretamente \u00e0 diretoria. Contas a Pagar e a Receber Faturamento e Documentos Fiscais Fluxo de Caixa e Controles Comunica\u00e7\u00e3o e Relacionamento Interno Processos e Melhoria Cont\u00ednua \u203a Gest\u00e3o do ciclo completo de contas a pagar e a receber das 4 empresas \u203a Cadastro, lan\u00e7amento e baixa de t\u00edtulos nos sistemas e planilhas de controle \u203a Acompanhamento di\u00e1rio de vencimentos, emiss\u00e3o de cobran\u00e7as e controle de inadimpl\u00eancia \u203a Negocia\u00e7\u00e3o e contato com fornecedores em casos de prorroga\u00e7\u00e3o ou renegocia\u00e7\u00e3o \u203a Emiss\u00e3o de notas fiscais de servi\u00e7o (NFS-e) e produtos (NF-e) conforme demanda de cada empresa \u203a Confer\u00eancia de documentos fiscais recebidos e checagem de consist\u00eancia com contratos e pedidos \u203a Emiss\u00e3o de boletos e acompanhamento de pagamentos \u203a Alimenta\u00e7\u00e3o e monitoramento do fluxo de caixa di\u00e1rio e semanal \u203a Concilia\u00e7\u00e3o banc\u00e1ria das contas das empresas do grupo \u203a Identifica\u00e7\u00e3o de diverg\u00eancias e tratativa de inconsist\u00eancias Monitoramento e gest\u00e3o da caixa de e-mails financeiros \u2014 triagem, resposta e encaminhamento de solicita\u00e7\u00f5es de pagamento, faturamento e d\u00favidas \u203a Comunica\u00e7\u00e3o direta com os gestores das quatro unidades para autoriza\u00e7\u00f5es, esclarecimentos e relat\u00f3rios<\/p>\n<ul>\n<li>Local de trabalho: Rio de Janeiro, RJ<\/li>\n<li>Regime de contrata\u00e7\u00e3o de tipo: Efetivo \u2013 CLT<\/li>\n<li>Jornada: Per\u00edodo Integral<\/li>\n<li>\u00c1rea e especializa\u00e7\u00e3o profissional: Cont\u00e1bil, Finan\u00e7as, Economia &#8211; Finan\u00e7as<\/li>\n<li>N\u00edvel hier\u00e1rquico: Analista<\/li>\n<\/ul>\n<p>VALORIZADO<\/p>\n<p>Tempo de experi\u00eancia: Entre 1 e 3 anos<\/p>\n<p>HABILIDADES<\/p>\n<ul>\n<li>Ensino superior completo ou cursando em Administra\u00e7\u00e3o, Ci\u00eancias Cont\u00e1beis, Finan\u00e7as ou \u00e1reas afins \u203a Experi\u00eancia m\u00ednima de 2 anos em rotinas financeiras: contas a pagar\/receber, concilia\u00e7\u00e3o banc\u00e1ria e fluxo de caixa \u203a Dom\u00ednio de Excel ou Google Planilhas<\/li>\n<\/ul>\n<p>Escolaridade M\u00ednima: Ensino Superior<\/p>\n<p>Forma\u00e7\u00e3o desejada:<\/p>\n<ul>\n<li>Economia, Ensino Superior<\/li>\n<\/ul>\n<p>Sal\u00e1rio: 4200,0<\/p>\n","protected":false},"excerpt":{"rendered":"<p>Voc\u00ea ser\u00e1 o profissional respons\u00e1vel pela opera\u00e7\u00e3o financeira completa do grupo, atuando com autonomia e reportando diretamente \u00e0 diretoria. Contas a Pagar e a Receber Faturamento e Documentos Fiscais Fluxo de Caixa e Controles Comunica\u00e7\u00e3o e Relacionamento Interno Processos e Melhoria Cont\u00ednua \u203a Gest\u00e3o do ciclo completo de contas a pagar e a receber das [&hellip;]<\/p>\n","protected":false},"author":1,"featured_media":0,"comment_status":"open","ping_status":"open","sticky":false,"template":"","format":"standard","meta":{"footnotes":""},"categories":[21],"tags":[],"class_list":["post-1905","post","type-post","status-publish","format-standard","hentry","category-rio-de-janeiro-rj"],"_links":{"self":[{"href":"https:\/\/vagas.portalemprego.com.br\/index.php?rest_route=\/wp\/v2\/posts\/1905","targetHints":{"allow":["GET"]}}],"collection":[{"href":"https:\/\/vagas.portalemprego.com.br\/index.php?rest_route=\/wp\/v2\/posts"}],"about":[{"href":"https:\/\/vagas.portalemprego.com.br\/index.php?rest_route=\/wp\/v2\/types\/post"}],"author":[{"embeddable":true,"href":"https:\/\/vagas.portalemprego.com.br\/index.php?rest_route=\/wp\/v2\/users\/1"}],"replies":[{"embeddable":true,"href":"https:\/\/vagas.portalemprego.com.br\/index.php?rest_route=%2Fwp%2Fv2%2Fcomments&post=1905"}],"version-history":[{"count":0,"href":"https:\/\/vagas.portalemprego.com.br\/index.php?rest_route=\/wp\/v2\/posts\/1905\/revisions"}],"wp:attachment":[{"href":"https:\/\/vagas.portalemprego.com.br\/index.php?rest_route=%2Fwp%2Fv2%2Fmedia&parent=1905"}],"wp:term":[{"taxonomy":"category","embeddable":true,"href":"https:\/\/vagas.portalemprego.com.br\/index.php?rest_route=%2Fwp%2Fv2%2Fcategories&post=1905"},{"taxonomy":"post_tag","embeddable":true,"href":"https:\/\/vagas.portalemprego.com.br\/index.php?rest_route=%2Fwp%2Fv2%2Ftags&post=1905"}],"curies":[{"name":"wp","href":"https:\/\/api.w.org\/{rel}","templated":true}]}}