{"id":1906,"date":"2026-04-29T06:29:29","date_gmt":"2026-04-29T09:29:29","guid":{"rendered":"https:\/\/vagas.portalemprego.com.br\/?p=1906"},"modified":"2026-04-29T06:29:29","modified_gmt":"2026-04-29T09:29:29","slug":"auxiliar-financeiro-contabil-financas-economia-rio-de-janeiro-3","status":"publish","type":"post","link":"https:\/\/vagas.portalemprego.com.br\/?p=1906","title":{"rendered":"Auxiliar Financeiro &#8211; Cont\u00e1bil, Finan\u00e7as, Economia &#8211; Rio de Janeiro"},"content":{"rendered":"<p>O QUE VOC\u00ca VAI FAZER Atuar como suporte \u00e0s rotinas financeiras do grupo, sob orienta\u00e7\u00e3o do respons\u00e1vel pela \u00e1rea: Lan\u00e7amentos e Controles E-mail e Comunica\u00e7\u00e3o Apoio ao Faturamento Apoio a Relat\u00f3rios e Processos \u203a Aux\u00edlio no lan\u00e7amento de contas a pagar e a receber em planilhas e sistemas Confer\u00eancia e organiza\u00e7\u00e3o de documentos financeiros: notas fiscais, boletos, comprovantes de pagamento \u203a \u203a Atualiza\u00e7\u00e3o de planilhas de controle de vencimentos e movimenta\u00e7\u00f5es \u203a Arquivamento digital e f\u00edsico de documentos do setor Monitoramento da caixa de e-mails financeiros: triagem, identifica\u00e7\u00e3o de solicita\u00e7\u00f5es e encaminhamento ao respons\u00e1vel \u203a Contato com gestores das unidades para coleta de informa\u00e7\u00f5es e encaminhamento de solicita\u00e7\u00f5es simples \u203a \u203a Suporte na comunica\u00e7\u00e3o com fornecedores e clientes em demandas de rotina \u203a Suporte na emiss\u00e3o de boletos e notas fiscais sob orienta\u00e7\u00e3o \u203a Confer\u00eancia de dados cadastrais de clientes e fornecedores \u203a Verifica\u00e7\u00e3o de pend\u00eancias e alertas de vencimentos pr\u00f3ximos \u203a Aux\u00edlio na elabora\u00e7\u00e3o de planilhas e relat\u00f3rios de controle \u203a Apoio no controle de fluxo de caixa sob supervis\u00e3o \u203a Suporte em tarefas administrativas do setor conforme necessidade<\/p>\n<ul>\n<li>Local de trabalho: Rio de Janeiro, RJ<\/li>\n<li>Regime de contrata\u00e7\u00e3o de tipo: Efetivo \u2013 CLT<\/li>\n<li>Jornada: Per\u00edodo Integral<\/li>\n<li>\u00c1rea e especializa\u00e7\u00e3o profissional: Cont\u00e1bil, Finan\u00e7as, Economia &#8211; Finan\u00e7as<\/li>\n<li>N\u00edvel hier\u00e1rquico: Auxiliar<\/li>\n<\/ul>\n<p>VALORIZADO<\/p>\n<p>Tempo de experi\u00eancia: Menos de 1 ano<\/p>\n<p>HABILIDADES<\/p>\n<ul>\n<li>Ensino m\u00e9dio completo Conhecimento b\u00e1sico em Excel ou Google Planilhas \u2014 organizar dados, usar filtros e f\u00f3rmulas simples (SOMA, SE, PROCV b\u00e1sico) \u203a \u203a Organiza\u00e7\u00e3o e aten\u00e7\u00e3o aos detalhes \u2014 o financeiro n\u00e3o perdoa erros de digita\u00e7\u00e3o \u203a Comprometimento com pr<\/li>\n<\/ul>\n<p>Escolaridade M\u00ednima: Ensino M\u00e9dio (2\u00ba Grau)<\/p>\n<p>Forma\u00e7\u00e3o desejada:<\/p>\n<ul>\n<li>Ensino M\u00e9dio (2\u00ba Grau)<\/li>\n<\/ul>\n<ul>\n<li>Vale Alimenta\u00e7\u00e3o<\/li>\n<\/ul>\n<p>Sal\u00e1rio: 2200,0<\/p>\n","protected":false},"excerpt":{"rendered":"<p>O QUE VOC\u00ca VAI FAZER Atuar como suporte \u00e0s rotinas financeiras do grupo, sob orienta\u00e7\u00e3o do respons\u00e1vel pela \u00e1rea: Lan\u00e7amentos e Controles E-mail e Comunica\u00e7\u00e3o Apoio ao Faturamento Apoio a Relat\u00f3rios e Processos \u203a Aux\u00edlio no lan\u00e7amento de contas a pagar e a receber em planilhas e sistemas Confer\u00eancia e organiza\u00e7\u00e3o de documentos financeiros: notas [&hellip;]<\/p>\n","protected":false},"author":1,"featured_media":0,"comment_status":"open","ping_status":"open","sticky":false,"template":"","format":"standard","meta":{"footnotes":""},"categories":[21],"tags":[],"class_list":["post-1906","post","type-post","status-publish","format-standard","hentry","category-rio-de-janeiro-rj"],"_links":{"self":[{"href":"https:\/\/vagas.portalemprego.com.br\/index.php?rest_route=\/wp\/v2\/posts\/1906","targetHints":{"allow":["GET"]}}],"collection":[{"href":"https:\/\/vagas.portalemprego.com.br\/index.php?rest_route=\/wp\/v2\/posts"}],"about":[{"href":"https:\/\/vagas.portalemprego.com.br\/index.php?rest_route=\/wp\/v2\/types\/post"}],"author":[{"embeddable":true,"href":"https:\/\/vagas.portalemprego.com.br\/index.php?rest_route=\/wp\/v2\/users\/1"}],"replies":[{"embeddable":true,"href":"https:\/\/vagas.portalemprego.com.br\/index.php?rest_route=%2Fwp%2Fv2%2Fcomments&post=1906"}],"version-history":[{"count":0,"href":"https:\/\/vagas.portalemprego.com.br\/index.php?rest_route=\/wp\/v2\/posts\/1906\/revisions"}],"wp:attachment":[{"href":"https:\/\/vagas.portalemprego.com.br\/index.php?rest_route=%2Fwp%2Fv2%2Fmedia&parent=1906"}],"wp:term":[{"taxonomy":"category","embeddable":true,"href":"https:\/\/vagas.portalemprego.com.br\/index.php?rest_route=%2Fwp%2Fv2%2Fcategories&post=1906"},{"taxonomy":"post_tag","embeddable":true,"href":"https:\/\/vagas.portalemprego.com.br\/index.php?rest_route=%2Fwp%2Fv2%2Ftags&post=1906"}],"curies":[{"name":"wp","href":"https:\/\/api.w.org\/{rel}","templated":true}]}}