{"id":1907,"date":"2026-04-29T06:29:29","date_gmt":"2026-04-29T09:29:29","guid":{"rendered":"https:\/\/vagas.portalemprego.com.br\/?p=1907"},"modified":"2026-04-29T06:29:29","modified_gmt":"2026-04-29T09:29:29","slug":"gerente-de-controladoria-contabil-financas-economia-rio-de-janeiro","status":"publish","type":"post","link":"https:\/\/vagas.portalemprego.com.br\/?p=1907","title":{"rendered":"Gerente de Controladoria &#8211; Cont\u00e1bil, Finan\u00e7as, Economia &#8211; Rio de Janeiro"},"content":{"rendered":"<p>Oportunidade: Estamos em busca de um Gerente de Controladoria para se juntar ao nosso time. O cargo oferece a chance de liderar e otimizar processos de controle cont\u00e1bil e fiscal, contribuindo para a efici\u00eancia e sustentabilidade da empresa.<br \/>\nFun\u00e7\u00f5es:<br \/>\nGerenciar atividades de controladoria e gest\u00e3o financeira;<br \/>\nCoordenar equipes de contabilidade, custos e fiscal;<br \/>\nAcompanhar e analisar relat\u00f3rios financeiros mensais;<br \/>\nPropor melhorias e estrat\u00e9gias para a \u00e1rea financeira;<br \/>\nParticipar de reuni\u00f5es estrat\u00e9gicas e colabora\u00e7\u00f5es interdepartamentais;<br \/>\nGerenciar as atividades de fechamento mensal e a entrega de reportes financeiros; e<br \/>\nGerenciar a an\u00e1lise, produ\u00e7\u00e3o e execu\u00e7\u00e3o de or\u00e7amento.<\/p>\n<p>Requisitos:<br \/>\nForma\u00e7\u00e3o superior em Ci\u00eancias Cont\u00e1beis;<br \/>\nCRC Ativo;<br \/>\nExperi\u00eancia em controladoria e atendimento a auditoria de empresas do segmento industrial e constru\u00e7\u00e3o civil;<br \/>\nConhecimento em normas cont\u00e1beis e fiscais;<br \/>\nCapacidade de analisar dados e gerar relat\u00f3rios;<br \/>\nHabilidade em Excel avan\u00e7ado, Matem\u00e1tica financeira e BI desej\u00e1vel.<br \/>\nHabilidade em lideran\u00e7a e trabalho em equipe.<br \/>\nEsta oportunidade \u00e9 presencial e visa a quem busca um cargo de responsabilidade com um foco claro em gest\u00e3o financeira e controladoria.<\/p>\n<ul>\n<li>Local de trabalho: Rio de Janeiro, RJ<\/li>\n<li>Regime de contrata\u00e7\u00e3o de tipo: Efetivo \u2013 CLT<\/li>\n<li>Jornada: Per\u00edodo Integral<\/li>\n<li>\u00c1rea e especializa\u00e7\u00e3o profissional: Cont\u00e1bil, Finan\u00e7as, Economia &#8211; Controladoria<\/li>\n<li>N\u00edvel hier\u00e1rquico: Gerente<\/li>\n<\/ul>\n<p>VALORIZADO<\/p>\n<p>Tempo de experi\u00eancia: Entre 5 e 10 anos<\/p>\n<p>HABILIDADES<\/p>\n<ul>\n<li>CRC ATIVO e habilita\u00e7\u00e3o em programa de edica\u00e7\u00e3o continuada CFC para assinar balan\u00e7os.<\/li>\n<\/ul>\n<p>Escolaridade M\u00ednima: Ensino Superior<\/p>\n<p>Forma\u00e7\u00e3o desejada:<\/p>\n<ul>\n<li>Especializa\u00e7\u00e3o em contabilidade e auditoria, P\u00f3s-gradua\u00e7\u00e3o &#8211; Especializa\u00e7\u00e3o\/MBA<\/li>\n<li>Economia, P\u00f3s-gradua\u00e7\u00e3o &#8211; Especializa\u00e7\u00e3o\/MBA<\/li>\n<li>Administra\u00e7\u00e3o de empresas, P\u00f3s-gradua\u00e7\u00e3o &#8211; Especializa\u00e7\u00e3o\/MBA<\/li>\n<li>Ci\u00eancias cont\u00e1beis, Ensino Superior<\/li>\n<\/ul>\n<p>Disponibilidade para viajar<\/p>\n<p>Sal\u00e1rio: 8000,0<\/p>\n","protected":false},"excerpt":{"rendered":"<p>Oportunidade: Estamos em busca de um Gerente de Controladoria para se juntar ao nosso time. O cargo oferece a chance de liderar e otimizar processos de controle cont\u00e1bil e fiscal, contribuindo para a efici\u00eancia e sustentabilidade da empresa. Fun\u00e7\u00f5es: Gerenciar atividades de controladoria e gest\u00e3o financeira; Coordenar equipes de contabilidade, custos e fiscal; Acompanhar e [&hellip;]<\/p>\n","protected":false},"author":1,"featured_media":0,"comment_status":"open","ping_status":"open","sticky":false,"template":"","format":"standard","meta":{"footnotes":""},"categories":[21],"tags":[],"class_list":["post-1907","post","type-post","status-publish","format-standard","hentry","category-rio-de-janeiro-rj"],"_links":{"self":[{"href":"https:\/\/vagas.portalemprego.com.br\/index.php?rest_route=\/wp\/v2\/posts\/1907","targetHints":{"allow":["GET"]}}],"collection":[{"href":"https:\/\/vagas.portalemprego.com.br\/index.php?rest_route=\/wp\/v2\/posts"}],"about":[{"href":"https:\/\/vagas.portalemprego.com.br\/index.php?rest_route=\/wp\/v2\/types\/post"}],"author":[{"embeddable":true,"href":"https:\/\/vagas.portalemprego.com.br\/index.php?rest_route=\/wp\/v2\/users\/1"}],"replies":[{"embeddable":true,"href":"https:\/\/vagas.portalemprego.com.br\/index.php?rest_route=%2Fwp%2Fv2%2Fcomments&post=1907"}],"version-history":[{"count":0,"href":"https:\/\/vagas.portalemprego.com.br\/index.php?rest_route=\/wp\/v2\/posts\/1907\/revisions"}],"wp:attachment":[{"href":"https:\/\/vagas.portalemprego.com.br\/index.php?rest_route=%2Fwp%2Fv2%2Fmedia&parent=1907"}],"wp:term":[{"taxonomy":"category","embeddable":true,"href":"https:\/\/vagas.portalemprego.com.br\/index.php?rest_route=%2Fwp%2Fv2%2Fcategories&post=1907"},{"taxonomy":"post_tag","embeddable":true,"href":"https:\/\/vagas.portalemprego.com.br\/index.php?rest_route=%2Fwp%2Fv2%2Ftags&post=1907"}],"curies":[{"name":"wp","href":"https:\/\/api.w.org\/{rel}","templated":true}]}}