{"id":1908,"date":"2026-04-29T06:29:29","date_gmt":"2026-04-29T09:29:29","guid":{"rendered":"https:\/\/vagas.portalemprego.com.br\/?p=1908"},"modified":"2026-04-29T06:29:29","modified_gmt":"2026-04-29T09:29:29","slug":"tecnico-de-enfermagem-oncologia-saude-rio-de-janeiro","status":"publish","type":"post","link":"https:\/\/vagas.portalemprego.com.br\/?p=1908","title":{"rendered":"T\u00e9cnico de Enfermagem  &#8211; Oncologia &#8211; Sa\u00fade &#8211; Rio de Janeiro"},"content":{"rendered":"<p>Oportunidade: A Adecco busca um T\u00e9cnico de Enfermagem para atuar na \u00e1rea de Oncologia em regime presencial. Esta \u00e9 uma chance de fazer parte de uma equipe dedicada ao cuidado de pacientes oncol\u00f3gicos, contribuindo para um ambiente de trabalho que valoriza o bem-estar e a excel\u00eancia em cuidados m\u00e9dicos.<br \/>\nFun\u00e7\u00f5es:<br \/>\nAcompanhar e gerenciar o cuidado de pacientes oncol\u00f3gicos<br \/>\nCoordenar procedimentos e tratamentos sob supervis\u00e3o m\u00e9dica<br \/>\nRealizar avalia\u00e7\u00f5es e registros de sa\u00fade dos pacientes<br \/>\nColaborar com equipe multidisciplinar para otimizar o atendimento<\/p>\n<p>Requisitos:<br \/>\nExperi\u00eancia em enfermagem, com foco em oncologia<br \/>\nConhecimento em t\u00e9cnicas de cuidados paliativos<br \/>\nCapacidade de trabalhar em ambientes estressantes<br \/>\nHabilidade para comunica\u00e7\u00e3o clara e efetiva<\/p>\n<p>Benef\u00edcios:<br \/>\nOferecemos um ambiente de trabalho colaborativo e de apoio<br \/>\nVoc\u00ea ter\u00e1 acesso a programas de desenvolvimento profissional<br \/>\nBenef\u00edcios como assist\u00eancia m\u00e9dica e plano de carreira s\u00e3o fornecidos<\/p>\n<ul>\n<li>Local de trabalho: Rio de Janeiro, RJ<\/li>\n<li>Regime de contrata\u00e7\u00e3o de tipo: Efetivo \u2013 CLT<\/li>\n<li>Jornada: Per\u00edodo Integral<\/li>\n<li>\u00c1rea e especializa\u00e7\u00e3o profissional: Sa\u00fade &#8211; Oncologia<\/li>\n<li>N\u00edvel hier\u00e1rquico: Assistente<\/li>\n<\/ul>\n<p>VALORIZADO<\/p>\n<p>Tempo de experi\u00eancia: Entre 1 e 3 anos<\/p>\n<p>Escolaridade M\u00ednima: Curso T\u00e9cnico<\/p>\n<p>Sal\u00e1rio: 3800,0<\/p>\n","protected":false},"excerpt":{"rendered":"<p>Oportunidade: A Adecco busca um T\u00e9cnico de Enfermagem para atuar na \u00e1rea de Oncologia em regime presencial. Esta \u00e9 uma chance de fazer parte de uma equipe dedicada ao cuidado de pacientes oncol\u00f3gicos, contribuindo para um ambiente de trabalho que valoriza o bem-estar e a excel\u00eancia em cuidados m\u00e9dicos. Fun\u00e7\u00f5es: Acompanhar e gerenciar o cuidado [&hellip;]<\/p>\n","protected":false},"author":1,"featured_media":0,"comment_status":"open","ping_status":"open","sticky":false,"template":"","format":"standard","meta":{"footnotes":""},"categories":[21],"tags":[],"class_list":["post-1908","post","type-post","status-publish","format-standard","hentry","category-rio-de-janeiro-rj"],"_links":{"self":[{"href":"https:\/\/vagas.portalemprego.com.br\/index.php?rest_route=\/wp\/v2\/posts\/1908","targetHints":{"allow":["GET"]}}],"collection":[{"href":"https:\/\/vagas.portalemprego.com.br\/index.php?rest_route=\/wp\/v2\/posts"}],"about":[{"href":"https:\/\/vagas.portalemprego.com.br\/index.php?rest_route=\/wp\/v2\/types\/post"}],"author":[{"embeddable":true,"href":"https:\/\/vagas.portalemprego.com.br\/index.php?rest_route=\/wp\/v2\/users\/1"}],"replies":[{"embeddable":true,"href":"https:\/\/vagas.portalemprego.com.br\/index.php?rest_route=%2Fwp%2Fv2%2Fcomments&post=1908"}],"version-history":[{"count":0,"href":"https:\/\/vagas.portalemprego.com.br\/index.php?rest_route=\/wp\/v2\/posts\/1908\/revisions"}],"wp:attachment":[{"href":"https:\/\/vagas.portalemprego.com.br\/index.php?rest_route=%2Fwp%2Fv2%2Fmedia&parent=1908"}],"wp:term":[{"taxonomy":"category","embeddable":true,"href":"https:\/\/vagas.portalemprego.com.br\/index.php?rest_route=%2Fwp%2Fv2%2Fcategories&post=1908"},{"taxonomy":"post_tag","embeddable":true,"href":"https:\/\/vagas.portalemprego.com.br\/index.php?rest_route=%2Fwp%2Fv2%2Ftags&post=1908"}],"curies":[{"name":"wp","href":"https:\/\/api.w.org\/{rel}","templated":true}]}}