{"id":1909,"date":"2026-04-29T06:29:29","date_gmt":"2026-04-29T09:29:29","guid":{"rendered":"https:\/\/vagas.portalemprego.com.br\/?p=1909"},"modified":"2026-04-29T06:29:29","modified_gmt":"2026-04-29T09:29:29","slug":"supervisor-de-enfermagem-oncologia-saude-rio-de-janeiro","status":"publish","type":"post","link":"https:\/\/vagas.portalemprego.com.br\/?p=1909","title":{"rendered":"Supervisor de Enfermagem &#8211; Oncologia &#8211; Sa\u00fade &#8211; Rio de Janeiro"},"content":{"rendered":"<p>Oportunidade: A Adecco busca um Supervisor de Enfermagem para atuar na \u00e1rea de Oncologia. O Supervisor ser\u00e1 respons\u00e1vel por liderar e coordenar as atividades da equipe de enfermagem, garantindo a excel\u00eancia no atendimento aos pacientes.<br \/>\nFun\u00e7\u00f5es:<br \/>\nGerenciar e coordenar a equipe de enfermagem;<br \/>\nAcompanhar e avaliar o desempenho dos profissionais;<br \/>\nCoordenar as atividades de enfermagem no setor de oncologia;<br \/>\nParticipar de reuni\u00f5es para planejar e melhorar processos;<br \/>\nAssegurar a conformidade com as normas de seguran\u00e7a e sa\u00fade;<\/p>\n<p>Requisitos:<br \/>\nExperi\u00eancia em gest\u00e3o de equipes de enfermagem;<br \/>\nConhecimento em normas de seguran\u00e7a e sa\u00fade;<br \/>\nCapacidade de coordenar e liderar atividades;<br \/>\nForma\u00e7\u00e3o em enfermagem com registro ativo;<br \/>\nHabilidade em comunica\u00e7\u00e3o e trabalho em equipe;<\/p>\n<p>Benef\u00edcios:<br \/>\nOferecemos um ambiente de trabalho colaborativo;<br \/>\nA empresa promove um ambiente de trabalho saud\u00e1vel e seguro;<br \/>\nOportunidades de crescimento dentro da organiza\u00e7\u00e3o;<\/p>\n<p>A Adecco valoriza um ambiente de trabalho inclusivo e diverso.<\/p>\n<ul>\n<li>Local de trabalho: Rio de Janeiro, RJ<\/li>\n<li>Regime de contrata\u00e7\u00e3o de tipo: Efetivo \u2013 CLT<\/li>\n<li>Jornada: Per\u00edodo Integral<\/li>\n<li>\u00c1rea e especializa\u00e7\u00e3o profissional: Sa\u00fade &#8211; Oncologia<\/li>\n<li>N\u00edvel hier\u00e1rquico: Especialista<\/li>\n<\/ul>\n<p>VALORIZADO<\/p>\n<p>Tempo de experi\u00eancia: Entre 1 e 3 anos<\/p>\n<p>Escolaridade M\u00ednima: P\u00f3s-gradua\u00e7\u00e3o &#8211; Mestrado<\/p>\n<p>Sal\u00e1rio: 7000,0<\/p>\n","protected":false},"excerpt":{"rendered":"<p>Oportunidade: A Adecco busca um Supervisor de Enfermagem para atuar na \u00e1rea de Oncologia. O Supervisor ser\u00e1 respons\u00e1vel por liderar e coordenar as atividades da equipe de enfermagem, garantindo a excel\u00eancia no atendimento aos pacientes. Fun\u00e7\u00f5es: Gerenciar e coordenar a equipe de enfermagem; Acompanhar e avaliar o desempenho dos profissionais; Coordenar as atividades de enfermagem [&hellip;]<\/p>\n","protected":false},"author":1,"featured_media":0,"comment_status":"open","ping_status":"open","sticky":false,"template":"","format":"standard","meta":{"footnotes":""},"categories":[21],"tags":[],"class_list":["post-1909","post","type-post","status-publish","format-standard","hentry","category-rio-de-janeiro-rj"],"_links":{"self":[{"href":"https:\/\/vagas.portalemprego.com.br\/index.php?rest_route=\/wp\/v2\/posts\/1909","targetHints":{"allow":["GET"]}}],"collection":[{"href":"https:\/\/vagas.portalemprego.com.br\/index.php?rest_route=\/wp\/v2\/posts"}],"about":[{"href":"https:\/\/vagas.portalemprego.com.br\/index.php?rest_route=\/wp\/v2\/types\/post"}],"author":[{"embeddable":true,"href":"https:\/\/vagas.portalemprego.com.br\/index.php?rest_route=\/wp\/v2\/users\/1"}],"replies":[{"embeddable":true,"href":"https:\/\/vagas.portalemprego.com.br\/index.php?rest_route=%2Fwp%2Fv2%2Fcomments&post=1909"}],"version-history":[{"count":0,"href":"https:\/\/vagas.portalemprego.com.br\/index.php?rest_route=\/wp\/v2\/posts\/1909\/revisions"}],"wp:attachment":[{"href":"https:\/\/vagas.portalemprego.com.br\/index.php?rest_route=%2Fwp%2Fv2%2Fmedia&parent=1909"}],"wp:term":[{"taxonomy":"category","embeddable":true,"href":"https:\/\/vagas.portalemprego.com.br\/index.php?rest_route=%2Fwp%2Fv2%2Fcategories&post=1909"},{"taxonomy":"post_tag","embeddable":true,"href":"https:\/\/vagas.portalemprego.com.br\/index.php?rest_route=%2Fwp%2Fv2%2Ftags&post=1909"}],"curies":[{"name":"wp","href":"https:\/\/api.w.org\/{rel}","templated":true}]}}