{"id":1911,"date":"2026-04-29T06:29:29","date_gmt":"2026-04-29T09:29:29","guid":{"rendered":"https:\/\/vagas.portalemprego.com.br\/?p=1911"},"modified":"2026-04-29T06:29:29","modified_gmt":"2026-04-29T09:29:29","slug":"farmaceutico-clinico-especialista-em-oncologia-saude-rio-de-janeiro","status":"publish","type":"post","link":"https:\/\/vagas.portalemprego.com.br\/?p=1911","title":{"rendered":"Farmac\u00eautico cl\u00ednico &#8211; Especialista em Oncologia &#8211; Sa\u00fade &#8211; Rio de Janeiro"},"content":{"rendered":"<p>Introdu\u00e7\u00e3o: A Adecco busca um Farmac\u00eautico cl\u00ednico &#8211; Especialista em Oncologia para atuar em rede hospitalar de grande porte. Esta \u00e9 uma oportunidade para contribuir com um dos setores mais importantes da sa\u00fade, garantindo o bem-estar dos pacientes.<br \/>\nFun\u00e7\u00f5es:<br \/>\nGerenciar tratamentos farmac\u00eauticos personalizados para pacientes oncol\u00f3gicos<br \/>\nCoordenar atividades de pesquisa e desenvolvimento de novos medicamentos<br \/>\nAcompanhar a efic\u00e1cia e seguran\u00e7a dos tratamentos<br \/>\nColaborar com equipes multidisciplinares para otimizar o cuidado do paciente<\/p>\n<p>Requisitos:<br \/>\nExperi\u00eancia em farm\u00e1cia cl\u00ednica e oncologia;<br \/>\nConhecimento em farmacoterapia oncol\u00f3gica;<br \/>\nDisponibilidade imediata;<br \/>\nCapacidade de trabalhar em um ambiente din\u00e2mico e colaborativo<\/p>\n<p>Benef\u00edcios:<br \/>\nOferecemos um ambiente de trabalho desafiador e gratificante<br \/>\nVoc\u00ea ter\u00e1 acesso a programas de desenvolvimento profissional<br \/>\nAmbiente de trabalho seguro e \u00e9tico<\/p>\n<p>Esta oportunidade \u00e9 presencial e visa a quem busca um papel ativo e impactante na \u00e1rea da sa\u00fade.<\/p>\n<ul>\n<li>Local de trabalho: Rio de Janeiro, RJ<\/li>\n<li>Regime de contrata\u00e7\u00e3o de tipo: Efetivo \u2013 CLT<\/li>\n<li>Jornada: Per\u00edodo Integral<\/li>\n<li>\u00c1rea e especializa\u00e7\u00e3o profissional: Sa\u00fade &#8211; Oncologia<\/li>\n<li>N\u00edvel hier\u00e1rquico: Especialista<\/li>\n<\/ul>\n<p>VALORIZADO<\/p>\n<p>Tempo de experi\u00eancia: Entre 1 e 3 anos<\/p>\n<p>Escolaridade M\u00ednima: P\u00f3s-gradua\u00e7\u00e3o &#8211; Mestrado<\/p>\n<p>Sal\u00e1rio: 6200,0<\/p>\n","protected":false},"excerpt":{"rendered":"<p>Introdu\u00e7\u00e3o: A Adecco busca um Farmac\u00eautico cl\u00ednico &#8211; Especialista em Oncologia para atuar em rede hospitalar de grande porte. Esta \u00e9 uma oportunidade para contribuir com um dos setores mais importantes da sa\u00fade, garantindo o bem-estar dos pacientes. Fun\u00e7\u00f5es: Gerenciar tratamentos farmac\u00eauticos personalizados para pacientes oncol\u00f3gicos Coordenar atividades de pesquisa e desenvolvimento de novos medicamentos [&hellip;]<\/p>\n","protected":false},"author":1,"featured_media":0,"comment_status":"open","ping_status":"open","sticky":false,"template":"","format":"standard","meta":{"footnotes":""},"categories":[21],"tags":[],"class_list":["post-1911","post","type-post","status-publish","format-standard","hentry","category-rio-de-janeiro-rj"],"_links":{"self":[{"href":"https:\/\/vagas.portalemprego.com.br\/index.php?rest_route=\/wp\/v2\/posts\/1911","targetHints":{"allow":["GET"]}}],"collection":[{"href":"https:\/\/vagas.portalemprego.com.br\/index.php?rest_route=\/wp\/v2\/posts"}],"about":[{"href":"https:\/\/vagas.portalemprego.com.br\/index.php?rest_route=\/wp\/v2\/types\/post"}],"author":[{"embeddable":true,"href":"https:\/\/vagas.portalemprego.com.br\/index.php?rest_route=\/wp\/v2\/users\/1"}],"replies":[{"embeddable":true,"href":"https:\/\/vagas.portalemprego.com.br\/index.php?rest_route=%2Fwp%2Fv2%2Fcomments&post=1911"}],"version-history":[{"count":0,"href":"https:\/\/vagas.portalemprego.com.br\/index.php?rest_route=\/wp\/v2\/posts\/1911\/revisions"}],"wp:attachment":[{"href":"https:\/\/vagas.portalemprego.com.br\/index.php?rest_route=%2Fwp%2Fv2%2Fmedia&parent=1911"}],"wp:term":[{"taxonomy":"category","embeddable":true,"href":"https:\/\/vagas.portalemprego.com.br\/index.php?rest_route=%2Fwp%2Fv2%2Fcategories&post=1911"},{"taxonomy":"post_tag","embeddable":true,"href":"https:\/\/vagas.portalemprego.com.br\/index.php?rest_route=%2Fwp%2Fv2%2Ftags&post=1911"}],"curies":[{"name":"wp","href":"https:\/\/api.w.org\/{rel}","templated":true}]}}