{"id":1914,"date":"2026-04-29T06:29:29","date_gmt":"2026-04-29T09:29:29","guid":{"rendered":"https:\/\/vagas.portalemprego.com.br\/?p=1914"},"modified":"2026-04-29T06:29:29","modified_gmt":"2026-04-29T09:29:29","slug":"estagio-em-tecnico-eletronica-tecnico-em-eletrotenica-cabo-frio-construcao-manutencao-cabo-frio","status":"publish","type":"post","link":"https:\/\/vagas.portalemprego.com.br\/?p=1914","title":{"rendered":"Est\u00e1gio em T\u00e9cnico Eletr\u00f4nica \/ T\u00e9cnico em Eletrot\u00e9nica  &#8211; Cabo Frio &#8211; Constru\u00e7\u00e3o, Manuten\u00e7\u00e3o &#8211; Cabo Frio"},"content":{"rendered":"<p>Empresa seleciona estudantes de T\u00c9CNICO EM ELETR\u00d4NICA \/ T\u00c9CNICO EM ELETROT\u00c9CNICA para oportunidade de est\u00e1gio.<\/p>\n<p>Atividades:<br \/>\n&#8211; Auxiliar na instala\u00e7\u00e3o, manuten\u00e7\u00e3o e reparo de equipamentos eletr\u00f4nicos e sistemas el\u00e9tricos.<br \/>\n&#8211; Apoiar na realiza\u00e7\u00e3o de testes e medi\u00e7\u00f5es el\u00e9tricas com uso de instrumentos<\/p>\n<p>Hor\u00e1rio: 08:00h \u00e0s 13:00h &#8211; segunda a sexta<\/p>\n<p>Local: Centro &#8211; Cabo Frio<\/p>\n<p>Oferecem bolsa de R$ 1000 + aux\u00edlio-transporte<\/p>\n<ul>\n<li>Local de trabalho: Cabo Frio, RJ<\/li>\n<li>Regime de contrata\u00e7\u00e3o de tipo: Est\u00e1gio<\/li>\n<li>Jornada: Per\u00edodo Integral<\/li>\n<li>\u00c1rea e especializa\u00e7\u00e3o profissional: Constru\u00e7\u00e3o, Manuten\u00e7\u00e3o &#8211; Eletricista \/ Manuten\u00e7\u00e3o El\u00e9trica<\/li>\n<li>N\u00edvel hier\u00e1rquico: Estagi\u00e1rio<\/li>\n<\/ul>\n<p>Escolaridade M\u00ednima: Curso T\u00e9cnico<\/p>\n<p>Forma\u00e7\u00e3o desejada:<\/p>\n<ul>\n<li>Eletr\u00f4nica, Curso T\u00e9cnico<\/li>\n<li>Eletrot\u00e9cnica, Curso T\u00e9cnico<\/li>\n<\/ul>\n<ul>\n<li>Seguro de Vida<\/li>\n<li>Vale-transporte<\/li>\n<\/ul>\n<p>Sal\u00e1rio: 1000,0<\/p>\n","protected":false},"excerpt":{"rendered":"<p>Empresa seleciona estudantes de T\u00c9CNICO EM ELETR\u00d4NICA \/ T\u00c9CNICO EM ELETROT\u00c9CNICA para oportunidade de est\u00e1gio. Atividades: &#8211; Auxiliar na instala\u00e7\u00e3o, manuten\u00e7\u00e3o e reparo de equipamentos eletr\u00f4nicos e sistemas el\u00e9tricos. &#8211; Apoiar na realiza\u00e7\u00e3o de testes e medi\u00e7\u00f5es el\u00e9tricas com uso de instrumentos Hor\u00e1rio: 08:00h \u00e0s 13:00h &#8211; segunda a sexta Local: Centro &#8211; Cabo Frio [&hellip;]<\/p>\n","protected":false},"author":1,"featured_media":0,"comment_status":"open","ping_status":"open","sticky":false,"template":"","format":"standard","meta":{"footnotes":""},"categories":[21],"tags":[],"class_list":["post-1914","post","type-post","status-publish","format-standard","hentry","category-rio-de-janeiro-rj"],"_links":{"self":[{"href":"https:\/\/vagas.portalemprego.com.br\/index.php?rest_route=\/wp\/v2\/posts\/1914","targetHints":{"allow":["GET"]}}],"collection":[{"href":"https:\/\/vagas.portalemprego.com.br\/index.php?rest_route=\/wp\/v2\/posts"}],"about":[{"href":"https:\/\/vagas.portalemprego.com.br\/index.php?rest_route=\/wp\/v2\/types\/post"}],"author":[{"embeddable":true,"href":"https:\/\/vagas.portalemprego.com.br\/index.php?rest_route=\/wp\/v2\/users\/1"}],"replies":[{"embeddable":true,"href":"https:\/\/vagas.portalemprego.com.br\/index.php?rest_route=%2Fwp%2Fv2%2Fcomments&post=1914"}],"version-history":[{"count":0,"href":"https:\/\/vagas.portalemprego.com.br\/index.php?rest_route=\/wp\/v2\/posts\/1914\/revisions"}],"wp:attachment":[{"href":"https:\/\/vagas.portalemprego.com.br\/index.php?rest_route=%2Fwp%2Fv2%2Fmedia&parent=1914"}],"wp:term":[{"taxonomy":"category","embeddable":true,"href":"https:\/\/vagas.portalemprego.com.br\/index.php?rest_route=%2Fwp%2Fv2%2Fcategories&post=1914"},{"taxonomy":"post_tag","embeddable":true,"href":"https:\/\/vagas.portalemprego.com.br\/index.php?rest_route=%2Fwp%2Fv2%2Ftags&post=1914"}],"curies":[{"name":"wp","href":"https:\/\/api.w.org\/{rel}","templated":true}]}}