{"id":1915,"date":"2026-04-29T06:29:29","date_gmt":"2026-04-29T09:29:29","guid":{"rendered":"https:\/\/vagas.portalemprego.com.br\/?p=1915"},"modified":"2026-04-29T06:29:29","modified_gmt":"2026-04-29T09:29:29","slug":"mecanico-de-bicicletas-i-nao-e-necessario-experiencia-industrial-producao-fabrica-rio-de-janeiro","status":"publish","type":"post","link":"https:\/\/vagas.portalemprego.com.br\/?p=1915","title":{"rendered":"Mec\u00e2nico de Bicicletas I  (n\u00e3o \u00e9 necess\u00e1rio experi\u00eancia) &#8211; Industrial, Produ\u00e7\u00e3o, F\u00e1brica &#8211; Rio de Janeiro"},"content":{"rendered":"<p>Ol\u00e1!<br \/>\nQue bom saber que voc\u00ea tem interesse em se juntar ao nosso time! Continue aqui para conhecer a posi\u00e7\u00e3o!<br \/>\nSe voc\u00ea busca uma oportunidade para se desenvolver e busca trabalhar com algo que impacta positivamente as cidades e a vida das pessoas, essa oportunidade \u00e9 pra voc\u00ea!<br \/>\nNa posi\u00e7\u00e3o de mec\u00e2nico de bicicletas, a sua miss\u00e3o ser\u00e1 garantir que as nossas bikes entreguem a melhor experi\u00eancia para quem as usa todos os dias.<br \/>\nAqui, o seu trabalho ser\u00e1 fundamental para garantir que as bikes estejam sempre em \u00f3timo funcionamento e prontas para atender milhares de pessoas.<br \/>\n&gt; Responsabilidades:<br \/>\nApoiar na manuten\u00e7\u00e3o das bicicletas no dia a dia.<br \/>\nRealizar ajustes simples (freio, corrente, pneus, etc.).<br \/>\nRealizar manuten\u00e7\u00e3o GPS na bancada.<br \/>\nRealizar montagem de rodas e\/ou recupera\u00e7\u00e3o de pe\u00e7as.<br \/>\nOrganizar ferramentas e o ambiente de trabalho.<br \/>\nApoiar o time na identifica\u00e7\u00e3o e solu\u00e7\u00e3o de problemas.<br \/>\nGarantir que as bikes estejam seguras e prontas para uso.<br \/>\nRealizar testes nas bikes.<br \/>\n&gt; Requisitos:<br \/>\nEnsino m\u00e9dio completo.<br \/>\nSaber pedalar.<br \/>\nDesej\u00e1vel experi\u00eancia pr\u00e9via em manuten\u00e7\u00e3o de bicicletas ou \u00e1reas afins (diferencial, n\u00e3o obrigat\u00f3rio).<br \/>\nTer no\u00e7\u00f5es b\u00e1sicas de mec\u00e2nica e interesse em aprender t\u00e9cnicas de reparo \u00e9 um diferencial.<br \/>\nExperi\u00eancia b\u00e1sica no manuseio de ferramentas manuais.<br \/>\n&gt; Pacote de benef\u00edcios:<br \/>\nRemunera\u00e7\u00e3o mensal: R$ 1.712,00 (m\u00eas).<br \/>\nRemunera\u00e7\u00e3o fixa anual bruta: At\u00e9 R$ 24.480,00 (12 meses).<br \/>\nAssist\u00eancia m\u00e9dica: seguros unimed compacto enfermaria.<br \/>\nAssist\u00eancia odontol\u00f3gica: Met Life.<br \/>\nConv\u00eanios: (sesc, curso de idiomas, faculdades).<br \/>\nICP (Incentivo de Curto Prazo) &#8211; Conforme pol\u00edtica da empresa &#8211; at\u00e9 0,55 sal\u00e1rio\/ano.<br \/>\nLicen\u00e7a maternidade e paternidade estendida.<br \/>\nVale refei\u00e7\u00e3o\/Vale alimenta\u00e7\u00e3o: R$ 760,81 (m\u00eas)<br \/>\nVale transporte.<br \/>\nPlano de previd\u00eancia privada.<br \/>\nPlano colaborador (Bike).<br \/>\nPlano pet.<br \/>\nSeguro de vida.<br \/>\n&gt; Informa\u00e7\u00f5es importantes<br \/>\nEscala: 6&#215;1.<br \/>\nHor\u00e1rio das vagas: 6h \u00e0s 14:20 \/ 13:40 \u00e0s 22h \/ 21:40 \u00e0s 6h.<br \/>\nLocal: Santo Cristo &#8211; RJ<br \/>\n&gt; Por que vir pra c\u00e1?<br \/>\nSomos uma empresa em crescimento, com oportunidades reais de desenvolvimento e evolu\u00e7\u00e3o profissional.<br \/>\nAqui, voc\u00ea faz parte de algo maior: trabalhamos todos os dias para transformar a forma como as pessoas se movem nas cidades &#8211; com mais praticidade e impacto positivo.<br \/>\nValorizamos pessoas que fazem acontecer, que t\u00eam vontade de aprender e buscam crescer junto com o time.<\/p>\n<ul>\n<li>N\u00famero de vagas: 10<\/li>\n<li>Local de trabalho: Rio de Janeiro, RJ<\/li>\n<li>Regime de contrata\u00e7\u00e3o de tipo: Efetivo \u2013 CLT<\/li>\n<li>Jornada: Per\u00edodo Integral<\/li>\n<li>\u00c1rea e especializa\u00e7\u00e3o profissional: Industrial, Produ\u00e7\u00e3o, F\u00e1brica &#8211; Produ\u00e7\u00e3o<\/li>\n<li>N\u00edvel hier\u00e1rquico: Operacional<\/li>\n<\/ul>\n<p>VALORIZADO<\/p>\n<p>Tempo de experi\u00eancia: Sem experi\u00eancia<\/p>\n<p>HABILIDADES<\/p>\n<ul>\n<li>mec\u00e2nico<\/li>\n<li>log\u00edstica<\/li>\n<li>montagem<\/li>\n<li>operacional<\/li>\n<li>produ\u00e7\u00e3o<\/li>\n<li>manuten\u00e7\u00e3o<\/li>\n<li>bicicleta<\/li>\n<li>t\u00e9cnico<\/li>\n<\/ul>\n<p>Escolaridade M\u00ednima: Ensino M\u00e9dio (2\u00ba Grau)<\/p>\n","protected":false},"excerpt":{"rendered":"<p>Ol\u00e1! Que bom saber que voc\u00ea tem interesse em se juntar ao nosso time! Continue aqui para conhecer a posi\u00e7\u00e3o! Se voc\u00ea busca uma oportunidade para se desenvolver e busca trabalhar com algo que impacta positivamente as cidades e a vida das pessoas, essa oportunidade \u00e9 pra voc\u00ea! Na posi\u00e7\u00e3o de mec\u00e2nico de bicicletas, a [&hellip;]<\/p>\n","protected":false},"author":1,"featured_media":0,"comment_status":"open","ping_status":"open","sticky":false,"template":"","format":"standard","meta":{"footnotes":""},"categories":[21],"tags":[],"class_list":["post-1915","post","type-post","status-publish","format-standard","hentry","category-rio-de-janeiro-rj"],"_links":{"self":[{"href":"https:\/\/vagas.portalemprego.com.br\/index.php?rest_route=\/wp\/v2\/posts\/1915","targetHints":{"allow":["GET"]}}],"collection":[{"href":"https:\/\/vagas.portalemprego.com.br\/index.php?rest_route=\/wp\/v2\/posts"}],"about":[{"href":"https:\/\/vagas.portalemprego.com.br\/index.php?rest_route=\/wp\/v2\/types\/post"}],"author":[{"embeddable":true,"href":"https:\/\/vagas.portalemprego.com.br\/index.php?rest_route=\/wp\/v2\/users\/1"}],"replies":[{"embeddable":true,"href":"https:\/\/vagas.portalemprego.com.br\/index.php?rest_route=%2Fwp%2Fv2%2Fcomments&post=1915"}],"version-history":[{"count":0,"href":"https:\/\/vagas.portalemprego.com.br\/index.php?rest_route=\/wp\/v2\/posts\/1915\/revisions"}],"wp:attachment":[{"href":"https:\/\/vagas.portalemprego.com.br\/index.php?rest_route=%2Fwp%2Fv2%2Fmedia&parent=1915"}],"wp:term":[{"taxonomy":"category","embeddable":true,"href":"https:\/\/vagas.portalemprego.com.br\/index.php?rest_route=%2Fwp%2Fv2%2Fcategories&post=1915"},{"taxonomy":"post_tag","embeddable":true,"href":"https:\/\/vagas.portalemprego.com.br\/index.php?rest_route=%2Fwp%2Fv2%2Ftags&post=1915"}],"curies":[{"name":"wp","href":"https:\/\/api.w.org\/{rel}","templated":true}]}}