{"id":1916,"date":"2026-04-29T06:29:29","date_gmt":"2026-04-29T09:29:29","guid":{"rendered":"https:\/\/vagas.portalemprego.com.br\/?p=1916"},"modified":"2026-04-29T06:29:29","modified_gmt":"2026-04-29T09:29:29","slug":"armazenista-logistica-rio-de-janeiro","status":"publish","type":"post","link":"https:\/\/vagas.portalemprego.com.br\/?p=1916","title":{"rendered":"Armazenista &#8211; Log\u00edstica &#8211; Rio de Janeiro"},"content":{"rendered":"<p>Empresa Multinacional em Telecomunica\u00e7\u00f5es<br \/>\nCargo: Armazenista;<br \/>\nRespons\u00e1vel pela entrada e sa\u00eddas de materiais, confer\u00eancia de notais fiscais e materiais; organiza\u00e7\u00e3o do espa\u00e7o f\u00edsico do Almoxarifado; controle de estoque; realiza\u00e7\u00e3o de invent\u00e1rios peri\u00f3dicos. Retirado e entrega de materiais entre bases operacionais.<br \/>\nEscolaridade: Ensino M\u00e9dio Completo, conhecimentos em inform\u00e1tica.<br \/>\nOferecemos in\u00fameros benef\u00edcios:<br \/>\nBenef\u00edcios iniciais:<br \/>\n&#8211; Seguro de vida e assist\u00eancia funeral<br \/>\n&#8211; Vale Refei\u00e7\u00e3o<br \/>\n&#8211; Vale-transporte<br \/>\nBenef\u00edcios ap\u00f3s o per\u00edodo de experi\u00eancia:<br \/>\n&#8211; Assist\u00eancia M\u00e9dica<br \/>\n&#8211; Assist\u00eancia Odontol\u00f3gica<br \/>\n-Aux. Dependente com Defici\u00eancia<br \/>\n-Aux. Creche (para m\u00e3es)<br \/>\n&#8211; Conv\u00eanio com farm\u00e1cia<br \/>\n&#8211; Desconto em Faculdades, Academia e Escolas de Idiomas<\/p>\n<ul>\n<li>N\u00famero de vagas: 2<\/li>\n<li>Local de trabalho: Rio de Janeiro, RJ<\/li>\n<li>Regime de contrata\u00e7\u00e3o de tipo: Efetivo \u2013 CLT<\/li>\n<li>Jornada: Per\u00edodo Integral<\/li>\n<li>\u00c1rea e especializa\u00e7\u00e3o profissional: Log\u00edstica &#8211; Distribui\u00e7\u00e3o, Recebimento e Expedi\u00e7\u00e3o<\/li>\n<li>N\u00edvel hier\u00e1rquico: Operacional<\/li>\n<\/ul>\n<p>VALORIZADO<\/p>\n<p>Tempo de experi\u00eancia: Entre 1 e 3 anos<\/p>\n<p>HABILIDADES<\/p>\n<ul>\n<li>Dinamismo<\/li>\n<li>Dedica\u00e7\u00e3o<\/li>\n<li>Vontade de Aprender<\/li>\n<li>Foco no cliente<\/li>\n<\/ul>\n<p>Escolaridade M\u00ednima: Ensino M\u00e9dio (2\u00ba Grau)<\/p>\n<p>Habilita\u00e7\u00e3o para dirigir: B<\/p>\n","protected":false},"excerpt":{"rendered":"<p>Empresa Multinacional em Telecomunica\u00e7\u00f5es Cargo: Armazenista; Respons\u00e1vel pela entrada e sa\u00eddas de materiais, confer\u00eancia de notais fiscais e materiais; organiza\u00e7\u00e3o do espa\u00e7o f\u00edsico do Almoxarifado; controle de estoque; realiza\u00e7\u00e3o de invent\u00e1rios peri\u00f3dicos. Retirado e entrega de materiais entre bases operacionais. Escolaridade: Ensino M\u00e9dio Completo, conhecimentos em inform\u00e1tica. Oferecemos in\u00fameros benef\u00edcios: Benef\u00edcios iniciais: &#8211; Seguro de [&hellip;]<\/p>\n","protected":false},"author":1,"featured_media":0,"comment_status":"open","ping_status":"open","sticky":false,"template":"","format":"standard","meta":{"footnotes":""},"categories":[21],"tags":[],"class_list":["post-1916","post","type-post","status-publish","format-standard","hentry","category-rio-de-janeiro-rj"],"_links":{"self":[{"href":"https:\/\/vagas.portalemprego.com.br\/index.php?rest_route=\/wp\/v2\/posts\/1916","targetHints":{"allow":["GET"]}}],"collection":[{"href":"https:\/\/vagas.portalemprego.com.br\/index.php?rest_route=\/wp\/v2\/posts"}],"about":[{"href":"https:\/\/vagas.portalemprego.com.br\/index.php?rest_route=\/wp\/v2\/types\/post"}],"author":[{"embeddable":true,"href":"https:\/\/vagas.portalemprego.com.br\/index.php?rest_route=\/wp\/v2\/users\/1"}],"replies":[{"embeddable":true,"href":"https:\/\/vagas.portalemprego.com.br\/index.php?rest_route=%2Fwp%2Fv2%2Fcomments&post=1916"}],"version-history":[{"count":0,"href":"https:\/\/vagas.portalemprego.com.br\/index.php?rest_route=\/wp\/v2\/posts\/1916\/revisions"}],"wp:attachment":[{"href":"https:\/\/vagas.portalemprego.com.br\/index.php?rest_route=%2Fwp%2Fv2%2Fmedia&parent=1916"}],"wp:term":[{"taxonomy":"category","embeddable":true,"href":"https:\/\/vagas.portalemprego.com.br\/index.php?rest_route=%2Fwp%2Fv2%2Fcategories&post=1916"},{"taxonomy":"post_tag","embeddable":true,"href":"https:\/\/vagas.portalemprego.com.br\/index.php?rest_route=%2Fwp%2Fv2%2Ftags&post=1916"}],"curies":[{"name":"wp","href":"https:\/\/api.w.org\/{rel}","templated":true}]}}