{"id":1917,"date":"2026-04-29T06:29:29","date_gmt":"2026-04-29T09:29:29","guid":{"rendered":"https:\/\/vagas.portalemprego.com.br\/?p=1917"},"modified":"2026-04-29T06:29:29","modified_gmt":"2026-04-29T09:29:29","slug":"auxiliar-administrativo-pcd-administracao-sao-joao-de-meriti","status":"publish","type":"post","link":"https:\/\/vagas.portalemprego.com.br\/?p=1917","title":{"rendered":"Auxiliar Administrativo \u2013 PCD &#8211; Administra\u00e7\u00e3o &#8211; S\u00e3o Jo\u00e3o de Meriti"},"content":{"rendered":"<p>Auxiliar Administrativo \u2013 PCD<br \/>\nDescri\u00e7\u00e3o do Cargo \/ Responsabilidades:<br \/>\nAnalisar, organizar, digitalizar e dar suporte ao controle de documentos;<br \/>\n Interagir com gerenciamento eletr\u00f4nico de dados;<br \/>\nIr\u00e1 realizar atividades administrativas e operacionais em geral, a fim de atender a necessidade da \u00e1rea; Suporte aos Assistentes e Analistas da \u00e1rea, com suporte \u00e0s atividades administrativas diversas.<br \/>\nForma\u00e7\u00e3o e Experi\u00eancias Requeridas:<br \/>\nExperi\u00eancia na fun\u00e7\u00e3o;<br \/>\n Ensino M\u00e9dio completo;<br \/>\n Ser\u00e1 um diferencial possuir ensino Superior cursando ou completo (Administra\u00e7\u00e3o ou \u00e1reas afins);<br \/>\n Conhecimento inform\u00e1tica\/Pacote office.<br \/>\nLocal de Trabalho: Centro, S\u00e3o Jo\u00e3o de Meriti<br \/>\nSal\u00e1rio: R$ 1.948,86<br \/>\nBenef\u00edcios:<br \/>\n&#8211; Vale Transporte ou Estacionamento<br \/>\n &#8211; Vale Refei\u00e7\u00e3o<br \/>\n &#8211; Cesta B\u00e1sica<br \/>\n &#8211; Conv\u00eanio Odontol\u00f3gico<br \/>\n &#8211; Conv\u00eanio M\u00e9dico<br \/>\n &#8211; Assist\u00eancia Familiar<br \/>\n &#8211; Seguro de Vida<br \/>\n &#8211; Day Off no anivers\u00e1rio<br \/>\n &#8211; Incentivo aos estudos<br \/>\n&#8211; Descontos na farm\u00e1cia<br \/>\n&#8211; Totalpass<br \/>\nHor\u00e1rio de expediente: Segunda a sexta das 08:00 \u00e0s 18:00<\/p>\n<ul>\n<li>Local de trabalho: S\u00e3o Jo\u00e3o de Meriti, RJ<\/li>\n<li>Regime de contrata\u00e7\u00e3o de tipo: Efetivo \u2013 CLT<\/li>\n<li>Jornada: Per\u00edodo Integral<\/li>\n<li>\u00c1rea e especializa\u00e7\u00e3o profissional: Administra\u00e7\u00e3o &#8211; Administra\u00e7\u00e3o Geral<\/li>\n<li>N\u00edvel hier\u00e1rquico: Auxiliar<\/li>\n<\/ul>\n<p>VALORIZADO<\/p>\n<p>Tempo de experi\u00eancia: Entre 1 e 3 anos<\/p>\n<p>Escolaridade M\u00ednima: Ensino M\u00e9dio (2\u00ba Grau)<\/p>\n<p>Sal\u00e1rio: 1948,0<\/p>\n","protected":false},"excerpt":{"rendered":"<p>Auxiliar Administrativo \u2013 PCD Descri\u00e7\u00e3o do Cargo \/ Responsabilidades: Analisar, organizar, digitalizar e dar suporte ao controle de documentos; Interagir com gerenciamento eletr\u00f4nico de dados; Ir\u00e1 realizar atividades administrativas e operacionais em geral, a fim de atender a necessidade da \u00e1rea; Suporte aos Assistentes e Analistas da \u00e1rea, com suporte \u00e0s atividades administrativas diversas. Forma\u00e7\u00e3o [&hellip;]<\/p>\n","protected":false},"author":1,"featured_media":0,"comment_status":"open","ping_status":"open","sticky":false,"template":"","format":"standard","meta":{"footnotes":""},"categories":[21],"tags":[],"class_list":["post-1917","post","type-post","status-publish","format-standard","hentry","category-rio-de-janeiro-rj"],"_links":{"self":[{"href":"https:\/\/vagas.portalemprego.com.br\/index.php?rest_route=\/wp\/v2\/posts\/1917","targetHints":{"allow":["GET"]}}],"collection":[{"href":"https:\/\/vagas.portalemprego.com.br\/index.php?rest_route=\/wp\/v2\/posts"}],"about":[{"href":"https:\/\/vagas.portalemprego.com.br\/index.php?rest_route=\/wp\/v2\/types\/post"}],"author":[{"embeddable":true,"href":"https:\/\/vagas.portalemprego.com.br\/index.php?rest_route=\/wp\/v2\/users\/1"}],"replies":[{"embeddable":true,"href":"https:\/\/vagas.portalemprego.com.br\/index.php?rest_route=%2Fwp%2Fv2%2Fcomments&post=1917"}],"version-history":[{"count":0,"href":"https:\/\/vagas.portalemprego.com.br\/index.php?rest_route=\/wp\/v2\/posts\/1917\/revisions"}],"wp:attachment":[{"href":"https:\/\/vagas.portalemprego.com.br\/index.php?rest_route=%2Fwp%2Fv2%2Fmedia&parent=1917"}],"wp:term":[{"taxonomy":"category","embeddable":true,"href":"https:\/\/vagas.portalemprego.com.br\/index.php?rest_route=%2Fwp%2Fv2%2Fcategories&post=1917"},{"taxonomy":"post_tag","embeddable":true,"href":"https:\/\/vagas.portalemprego.com.br\/index.php?rest_route=%2Fwp%2Fv2%2Ftags&post=1917"}],"curies":[{"name":"wp","href":"https:\/\/api.w.org\/{rel}","templated":true}]}}