{"id":1920,"date":"2026-04-29T06:29:29","date_gmt":"2026-04-29T09:29:29","guid":{"rendered":"https:\/\/vagas.portalemprego.com.br\/?p=1920"},"modified":"2026-04-29T06:29:29","modified_gmt":"2026-04-29T09:29:29","slug":"recepcionista-sac-marketing-duque-de-caxias","status":"publish","type":"post","link":"https:\/\/vagas.portalemprego.com.br\/?p=1920","title":{"rendered":"Recepcionista SAC &#8211; Marketing &#8211; Duque de Caxias"},"content":{"rendered":"<p>Buscamos um profissional proativo, organizado e com forte senso de responsabilidade, que atue como ponto de contato inicial, garantindo excel\u00eancia no atendimento e a satisfa\u00e7\u00e3o dos clientes. Ser\u00e1 respons\u00e1vel pelo atendimento presencial e telef\u00f4nico a lojistas, fornecedores, parceiros e clientes, assegurando uma comunica\u00e7\u00e3o clara e eficiente, al\u00e9m de prestar informa\u00e7\u00f5es e esclarecer d\u00favidas sobre a empresa e suas atividades. Tamb\u00e9m dever\u00e1 acompanhar os canais de comunica\u00e7\u00e3o para identifica\u00e7\u00e3o de poss\u00edveis ocorr\u00eancias, manter atualizadas as informa\u00e7\u00f5es do empreendimento e prestar suporte \u00e0s demandas da ger\u00eancia de marketing.<br \/>\nDesej\u00e1vel experi\u00eancia com atendimento ao cliente<br \/>\nBoa comunica\u00e7\u00e3o verbal e escrita<br \/>\nCapacidade de organiza\u00e7\u00e3o e resolu\u00e7\u00e3o de problemas<br \/>\nEscala: 5&#215;1<br \/>\nBenef\u00edcios<br \/>\nPlano de Sa\u00fade \u2013 Amil<br \/>\nPlano Odontol\u00f3gico \u2013 Amil<br \/>\nTotalPass<br \/>\nSeguro de Vida<br \/>\nTicket Flex<br \/>\nVale Transporte<\/p>\n<ul>\n<li>Local de trabalho: Duque de Caxias, RJ<\/li>\n<li>Regime de contrata\u00e7\u00e3o de tipo: Efetivo \u2013 CLT<\/li>\n<li>Jornada: Parcial tardes<\/li>\n<li>\u00c1rea e especializa\u00e7\u00e3o profissional: Marketing &#8211; Marketing<\/li>\n<li>N\u00edvel hier\u00e1rquico: Auxiliar<\/li>\n<\/ul>\n<p>Escolaridade M\u00ednima: Ensino M\u00e9dio (2\u00ba Grau)<\/p>\n<p>Forma\u00e7\u00e3o desejada:<\/p>\n<ul>\n<li>Marketing, Ensino Superior<\/li>\n<li>Administra\u00e7\u00e3o de empresas, Ensino Superior<\/li>\n<li>Publicidade e propaganda, Ensino Superior<\/li>\n<\/ul>\n","protected":false},"excerpt":{"rendered":"<p>Buscamos um profissional proativo, organizado e com forte senso de responsabilidade, que atue como ponto de contato inicial, garantindo excel\u00eancia no atendimento e a satisfa\u00e7\u00e3o dos clientes. Ser\u00e1 respons\u00e1vel pelo atendimento presencial e telef\u00f4nico a lojistas, fornecedores, parceiros e clientes, assegurando uma comunica\u00e7\u00e3o clara e eficiente, al\u00e9m de prestar informa\u00e7\u00f5es e esclarecer d\u00favidas sobre a [&hellip;]<\/p>\n","protected":false},"author":1,"featured_media":0,"comment_status":"open","ping_status":"open","sticky":false,"template":"","format":"standard","meta":{"footnotes":""},"categories":[21],"tags":[],"class_list":["post-1920","post","type-post","status-publish","format-standard","hentry","category-rio-de-janeiro-rj"],"_links":{"self":[{"href":"https:\/\/vagas.portalemprego.com.br\/index.php?rest_route=\/wp\/v2\/posts\/1920","targetHints":{"allow":["GET"]}}],"collection":[{"href":"https:\/\/vagas.portalemprego.com.br\/index.php?rest_route=\/wp\/v2\/posts"}],"about":[{"href":"https:\/\/vagas.portalemprego.com.br\/index.php?rest_route=\/wp\/v2\/types\/post"}],"author":[{"embeddable":true,"href":"https:\/\/vagas.portalemprego.com.br\/index.php?rest_route=\/wp\/v2\/users\/1"}],"replies":[{"embeddable":true,"href":"https:\/\/vagas.portalemprego.com.br\/index.php?rest_route=%2Fwp%2Fv2%2Fcomments&post=1920"}],"version-history":[{"count":0,"href":"https:\/\/vagas.portalemprego.com.br\/index.php?rest_route=\/wp\/v2\/posts\/1920\/revisions"}],"wp:attachment":[{"href":"https:\/\/vagas.portalemprego.com.br\/index.php?rest_route=%2Fwp%2Fv2%2Fmedia&parent=1920"}],"wp:term":[{"taxonomy":"category","embeddable":true,"href":"https:\/\/vagas.portalemprego.com.br\/index.php?rest_route=%2Fwp%2Fv2%2Fcategories&post=1920"},{"taxonomy":"post_tag","embeddable":true,"href":"https:\/\/vagas.portalemprego.com.br\/index.php?rest_route=%2Fwp%2Fv2%2Ftags&post=1920"}],"curies":[{"name":"wp","href":"https:\/\/api.w.org\/{rel}","templated":true}]}}