{"id":1922,"date":"2026-04-29T06:29:29","date_gmt":"2026-04-29T09:29:29","guid":{"rendered":"https:\/\/vagas.portalemprego.com.br\/?p=1922"},"modified":"2026-04-29T06:29:29","modified_gmt":"2026-04-29T09:29:29","slug":"tecnica-de-enfermagem-macae-saude-rio-de-janeiro","status":"publish","type":"post","link":"https:\/\/vagas.portalemprego.com.br\/?p=1922","title":{"rendered":"T\u00e9cnica de Enfermagem &#8211; Maca\u00e9 &#8211; Sa\u00fade &#8211; Rio de Janeiro"},"content":{"rendered":"<p>Estamos em busca de uma profissional dedicada, respons\u00e1vel e com foco em um atendimento humanizado para atuar como T\u00e9cnica de Enfermagem.<br \/>\nPrincipais responsabilidades:<br \/>\n\u2022 Prestar assist\u00eancia direta aos pacientes, conforme orienta\u00e7\u00e3o da equipe de enfermagem;<br \/>\n\u2022 Realizar procedimentos t\u00e9cnicos de acordo com protocolos estabelecidos;<br \/>\n\u2022 Auxiliar no acompanhamento da evolu\u00e7\u00e3o dos pacientes;<br \/>\n\u2022 Organizar materiais e apoiar nas rotinas da \u00e1rea;<br \/>\n\u2022 Garantir o cumprimento das normas de biosseguran\u00e7a.<br \/>\nRequisitos:<br \/>\n\u2022 Curso T\u00e9cnico em Enfermagem completo;<br \/>\n\u2022 Registro ativo no COREN;<br \/>\n\u2022 Experi\u00eancia na fun\u00e7\u00e3o ser\u00e1 um diferencial;<br \/>\n\u2022 Perfil proativo, organizado e com boa comunica\u00e7\u00e3o.<br \/>\nInforma\u00e7\u00f5es da vaga:<br \/>\n\u2022 Regime de contrata\u00e7\u00e3o: Tempor\u00e1rio;<br \/>\n\u2022 Local: Maca\u00e9 \u2013 RJ;<br \/>\n\u2022 Carga hor\u00e1ria: 44 horas semanais:<br \/>\n\t\u2022\tSegunda a quinta: 08h \u00e0s 18h;<br \/>\n\t\u2022\tSexta-feira: 08h \u00e0s 17h;<br \/>\n\u2022 Sal\u00e1rio: R$ 2.443,36.<br \/>\nBenef\u00edcios:<br \/>\n\u2022 Ticket Flex: R$ 440,00\/m\u00eas (proporcional aos dias trabalhados);<br \/>\n\u2022 Vale-transporte (com desconto de 6% conforme legisla\u00e7\u00e3o);<br \/>\n\u2022 Day off no dia do anivers\u00e1rio.<br \/>\nPremia\u00e7\u00e3o:<br \/>\n\u2022 Pr\u00eamio de assiduidade para colaboradores sem faltas, atrasos ou afastamentos no per\u00edodo de apura\u00e7\u00e3o.<br \/>\n?? Venha fazer parte da nossa equipe!<\/p>\n<ul>\n<li>Local de trabalho: Rio de Janeiro, RJ<\/li>\n<li>Regime de contrata\u00e7\u00e3o de tipo: Efetivo \u2013 CLT<\/li>\n<li>Jornada: Per\u00edodo Integral<\/li>\n<li>\u00c1rea e especializa\u00e7\u00e3o profissional: Sa\u00fade &#8211; Enfermagem<\/li>\n<li>N\u00edvel hier\u00e1rquico: Especialista<\/li>\n<\/ul>\n<p>Escolaridade M\u00ednima: Curso T\u00e9cnico<\/p>\n<p>Sal\u00e1rio: 2443,0<\/p>\n","protected":false},"excerpt":{"rendered":"<p>Estamos em busca de uma profissional dedicada, respons\u00e1vel e com foco em um atendimento humanizado para atuar como T\u00e9cnica de Enfermagem. Principais responsabilidades: \u2022 Prestar assist\u00eancia direta aos pacientes, conforme orienta\u00e7\u00e3o da equipe de enfermagem; \u2022 Realizar procedimentos t\u00e9cnicos de acordo com protocolos estabelecidos; \u2022 Auxiliar no acompanhamento da evolu\u00e7\u00e3o dos pacientes; \u2022 Organizar materiais [&hellip;]<\/p>\n","protected":false},"author":1,"featured_media":0,"comment_status":"open","ping_status":"open","sticky":false,"template":"","format":"standard","meta":{"footnotes":""},"categories":[21],"tags":[],"class_list":["post-1922","post","type-post","status-publish","format-standard","hentry","category-rio-de-janeiro-rj"],"_links":{"self":[{"href":"https:\/\/vagas.portalemprego.com.br\/index.php?rest_route=\/wp\/v2\/posts\/1922","targetHints":{"allow":["GET"]}}],"collection":[{"href":"https:\/\/vagas.portalemprego.com.br\/index.php?rest_route=\/wp\/v2\/posts"}],"about":[{"href":"https:\/\/vagas.portalemprego.com.br\/index.php?rest_route=\/wp\/v2\/types\/post"}],"author":[{"embeddable":true,"href":"https:\/\/vagas.portalemprego.com.br\/index.php?rest_route=\/wp\/v2\/users\/1"}],"replies":[{"embeddable":true,"href":"https:\/\/vagas.portalemprego.com.br\/index.php?rest_route=%2Fwp%2Fv2%2Fcomments&post=1922"}],"version-history":[{"count":0,"href":"https:\/\/vagas.portalemprego.com.br\/index.php?rest_route=\/wp\/v2\/posts\/1922\/revisions"}],"wp:attachment":[{"href":"https:\/\/vagas.portalemprego.com.br\/index.php?rest_route=%2Fwp%2Fv2%2Fmedia&parent=1922"}],"wp:term":[{"taxonomy":"category","embeddable":true,"href":"https:\/\/vagas.portalemprego.com.br\/index.php?rest_route=%2Fwp%2Fv2%2Fcategories&post=1922"},{"taxonomy":"post_tag","embeddable":true,"href":"https:\/\/vagas.portalemprego.com.br\/index.php?rest_route=%2Fwp%2Fv2%2Ftags&post=1922"}],"curies":[{"name":"wp","href":"https:\/\/api.w.org\/{rel}","templated":true}]}}