{"id":1923,"date":"2026-04-29T06:29:29","date_gmt":"2026-04-29T09:29:29","guid":{"rendered":"https:\/\/vagas.portalemprego.com.br\/?p=1923"},"modified":"2026-04-29T06:29:29","modified_gmt":"2026-04-29T09:29:29","slug":"operador-de-empilhadeira-logistica-macae","status":"publish","type":"post","link":"https:\/\/vagas.portalemprego.com.br\/?p=1923","title":{"rendered":"Operador de Empilhadeira &#8211; Log\u00edstica &#8211; Maca\u00e9"},"content":{"rendered":"<p>Hor\u00e1rios de trabalho:<br \/>\nIr\u00e1 atuar como operador de empilhadeira e conferente de carga e descarga, devendo ter ci\u00eancia de que em determinado momento poder\u00e1 ser necess\u00e1rio fazer o servi\u00e7o de coleta e entrega.<br \/>\nDas 10h as 20h;<\/p>\n<ul>\n<li>Local de trabalho: Maca\u00e9, RJ<\/li>\n<li>Regime de contrata\u00e7\u00e3o de tipo: Tempor\u00e1rio<\/li>\n<li>Jornada: Per\u00edodo Integral<\/li>\n<li>\u00c1rea e especializa\u00e7\u00e3o profissional: Log\u00edstica &#8211; Estoque, Armazenagem, Dep\u00f3sito<\/li>\n<li>N\u00edvel hier\u00e1rquico: Operacional<\/li>\n<\/ul>\n<p>Escolaridade M\u00ednima: Ensino Fundamental (1\u00ba grau)<\/p>\n<p>Sal\u00e1rio: 140,0<\/p>\n","protected":false},"excerpt":{"rendered":"<p>Hor\u00e1rios de trabalho: Ir\u00e1 atuar como operador de empilhadeira e conferente de carga e descarga, devendo ter ci\u00eancia de que em determinado momento poder\u00e1 ser necess\u00e1rio fazer o servi\u00e7o de coleta e entrega. Das 10h as 20h; Local de trabalho: Maca\u00e9, RJ Regime de contrata\u00e7\u00e3o de tipo: Tempor\u00e1rio Jornada: Per\u00edodo Integral \u00c1rea e especializa\u00e7\u00e3o profissional: [&hellip;]<\/p>\n","protected":false},"author":1,"featured_media":0,"comment_status":"open","ping_status":"open","sticky":false,"template":"","format":"standard","meta":{"footnotes":""},"categories":[21],"tags":[],"class_list":["post-1923","post","type-post","status-publish","format-standard","hentry","category-rio-de-janeiro-rj"],"_links":{"self":[{"href":"https:\/\/vagas.portalemprego.com.br\/index.php?rest_route=\/wp\/v2\/posts\/1923","targetHints":{"allow":["GET"]}}],"collection":[{"href":"https:\/\/vagas.portalemprego.com.br\/index.php?rest_route=\/wp\/v2\/posts"}],"about":[{"href":"https:\/\/vagas.portalemprego.com.br\/index.php?rest_route=\/wp\/v2\/types\/post"}],"author":[{"embeddable":true,"href":"https:\/\/vagas.portalemprego.com.br\/index.php?rest_route=\/wp\/v2\/users\/1"}],"replies":[{"embeddable":true,"href":"https:\/\/vagas.portalemprego.com.br\/index.php?rest_route=%2Fwp%2Fv2%2Fcomments&post=1923"}],"version-history":[{"count":0,"href":"https:\/\/vagas.portalemprego.com.br\/index.php?rest_route=\/wp\/v2\/posts\/1923\/revisions"}],"wp:attachment":[{"href":"https:\/\/vagas.portalemprego.com.br\/index.php?rest_route=%2Fwp%2Fv2%2Fmedia&parent=1923"}],"wp:term":[{"taxonomy":"category","embeddable":true,"href":"https:\/\/vagas.portalemprego.com.br\/index.php?rest_route=%2Fwp%2Fv2%2Fcategories&post=1923"},{"taxonomy":"post_tag","embeddable":true,"href":"https:\/\/vagas.portalemprego.com.br\/index.php?rest_route=%2Fwp%2Fv2%2Ftags&post=1923"}],"curies":[{"name":"wp","href":"https:\/\/api.w.org\/{rel}","templated":true}]}}