{"id":1926,"date":"2026-04-29T06:29:29","date_gmt":"2026-04-29T09:29:29","guid":{"rendered":"https:\/\/vagas.portalemprego.com.br\/?p=1926"},"modified":"2026-04-29T06:29:29","modified_gmt":"2026-04-29T09:29:29","slug":"auxiliar-fiscal-rio-de-janeiro-contabil-financas-economia-rio-de-janeiro","status":"publish","type":"post","link":"https:\/\/vagas.portalemprego.com.br\/?p=1926","title":{"rendered":"Auxiliar Fiscal &#8211; Rio de Janeiro &#8211; Cont\u00e1bil, Finan\u00e7as, Economia &#8211; Rio de Janeiro"},"content":{"rendered":"<p>Responsabilidades e atribui\u00e7\u00f5es:<br \/>\nAcompanhar, renovar e controlar certid\u00f5es fiscais estaduais e municipais, al\u00e9m de certificados digitais;<br \/>\nGarantir o armazenamento adequado dos relat\u00f3rios na pasta do cliente e controlar esses arquivos;<br \/>\nControlar e revisar os arquivos na rede, incluindo declara\u00e7\u00f5es, guias e mem\u00f3rias de c\u00e1lculo;<br \/>\nRealizar selagens de notas fiscais no Cear\u00e1;<br \/>\nAcompanhar, salvar e alimentar o controle das mensagens do Domic\u00edlio Eletr\u00f4nico Fiscal (DTE) dos Estados;<br \/>\nApoiar nas atividades operacionais do time fiscal;<br \/>\nElaborar e transmitir o SPED fiscal ICMS sem movimento;<br \/>\nMigrar arquivos fiscais para a rede do cliente;<br \/>\nCapturar a listagem de documentos fiscais emitidos e recebidos no site da SEFAZ.<br \/>\nRequisitos e qualifica\u00e7\u00f5es<br \/>\nEnsino superior cursando ou completo em Ci\u00eancias Cont\u00e1beis, Direito, Economia ou Administra\u00e7\u00e3o;<br \/>\nDesej\u00e1vel conhecimento intermedi\u00e1rio em Excel.<\/p>\n<ul>\n<li>N\u00famero de vagas: 5<\/li>\n<li>Local de trabalho: Rio de Janeiro, RJ<\/li>\n<li>Regime de contrata\u00e7\u00e3o de tipo: Efetivo \u2013 CLT<\/li>\n<li>Jornada: Per\u00edodo Integral<\/li>\n<li>\u00c1rea e especializa\u00e7\u00e3o profissional: Cont\u00e1bil, Finan\u00e7as, Economia &#8211; Fiscal<\/li>\n<li>N\u00edvel hier\u00e1rquico: Auxiliar<\/li>\n<\/ul>\n<p>Escolaridade M\u00ednima: Ensino Superior<\/p>\n<p>Forma\u00e7\u00e3o desejada:<\/p>\n<ul>\n<li>Direito, Ensino Superior<\/li>\n<li>Ci\u00eancias cont\u00e1beis, Ensino Superior<\/li>\n<li>Administra\u00e7\u00e3o de empresas, Ensino Superior<\/li>\n<\/ul>\n<ul>\n<li>TotalPass<\/li>\n<li>Golden Farma<\/li>\n<li>Assist\u00eancia M\u00e9dica e Odontol\u00f3gica Bradesco<\/li>\n<li>Vale Refei\u00e7\u00e3o\/Alimenta\u00e7\u00e3o<\/li>\n<li>Vale Transporte<\/li>\n<li>Incentivo Educacional<\/li>\n<li>Seguro de Vida Icatu<\/li>\n<li>Vale Presente do Birthday Off<\/li>\n<li>Plano de Mentoria<\/li>\n<li>Custeio do Registro Profissional (CRC, OAB ou CRP)<\/li>\n<li>Aparelho Corporativo<\/li>\n<li>Birthday Off<\/li>\n<li>Avalia\u00e7\u00e3o de Desempenho (Oportunidades de Crescimento e Desenvolvimento)<\/li>\n<li>Pr\u00eamio de Estabilidade por Tempo de Casa<\/li>\n<\/ul>\n","protected":false},"excerpt":{"rendered":"<p>Responsabilidades e atribui\u00e7\u00f5es: Acompanhar, renovar e controlar certid\u00f5es fiscais estaduais e municipais, al\u00e9m de certificados digitais; Garantir o armazenamento adequado dos relat\u00f3rios na pasta do cliente e controlar esses arquivos; Controlar e revisar os arquivos na rede, incluindo declara\u00e7\u00f5es, guias e mem\u00f3rias de c\u00e1lculo; Realizar selagens de notas fiscais no Cear\u00e1; Acompanhar, salvar e alimentar [&hellip;]<\/p>\n","protected":false},"author":1,"featured_media":0,"comment_status":"open","ping_status":"open","sticky":false,"template":"","format":"standard","meta":{"footnotes":""},"categories":[21],"tags":[],"class_list":["post-1926","post","type-post","status-publish","format-standard","hentry","category-rio-de-janeiro-rj"],"_links":{"self":[{"href":"https:\/\/vagas.portalemprego.com.br\/index.php?rest_route=\/wp\/v2\/posts\/1926","targetHints":{"allow":["GET"]}}],"collection":[{"href":"https:\/\/vagas.portalemprego.com.br\/index.php?rest_route=\/wp\/v2\/posts"}],"about":[{"href":"https:\/\/vagas.portalemprego.com.br\/index.php?rest_route=\/wp\/v2\/types\/post"}],"author":[{"embeddable":true,"href":"https:\/\/vagas.portalemprego.com.br\/index.php?rest_route=\/wp\/v2\/users\/1"}],"replies":[{"embeddable":true,"href":"https:\/\/vagas.portalemprego.com.br\/index.php?rest_route=%2Fwp%2Fv2%2Fcomments&post=1926"}],"version-history":[{"count":0,"href":"https:\/\/vagas.portalemprego.com.br\/index.php?rest_route=\/wp\/v2\/posts\/1926\/revisions"}],"wp:attachment":[{"href":"https:\/\/vagas.portalemprego.com.br\/index.php?rest_route=%2Fwp%2Fv2%2Fmedia&parent=1926"}],"wp:term":[{"taxonomy":"category","embeddable":true,"href":"https:\/\/vagas.portalemprego.com.br\/index.php?rest_route=%2Fwp%2Fv2%2Fcategories&post=1926"},{"taxonomy":"post_tag","embeddable":true,"href":"https:\/\/vagas.portalemprego.com.br\/index.php?rest_route=%2Fwp%2Fv2%2Ftags&post=1926"}],"curies":[{"name":"wp","href":"https:\/\/api.w.org\/{rel}","templated":true}]}}