{"id":1927,"date":"2026-04-29T06:29:29","date_gmt":"2026-04-29T09:29:29","guid":{"rendered":"https:\/\/vagas.portalemprego.com.br\/?p=1927"},"modified":"2026-04-29T06:29:29","modified_gmt":"2026-04-29T09:29:29","slug":"coordenador-de-contratos-ii-administracao-rio-de-janeiro","status":"publish","type":"post","link":"https:\/\/vagas.portalemprego.com.br\/?p=1927","title":{"rendered":"Coordenador de Contratos II &#8211; Administra\u00e7\u00e3o &#8211; Rio de Janeiro"},"content":{"rendered":"<p>Fun\u00e7oes:<br \/>\nGerenciar e coordenar a execu\u00e7\u00e3o de contratos;<br \/>\nAcompanhar as etapas de negocia\u00e7\u00f5es e revis\u00f5es contratuais;<br \/>\nCoordinar com diferentes \u00e1reas para garantir a conformidade com os termos dos contratos;<br \/>\nRealizar an\u00e1lises e relat\u00f3rios sobre os contratos vigentes;<br \/>\nParticipar de reuni\u00f5es estrat\u00e9gicas para discuss\u00f5es sobre contratos;<br \/>\nAtendimento\u00a0a\u00a0contratos\u00a0em\u00a0endere\u00e7os\u00a0diversos\u00a0no Rio de Janeiro.<\/p>\n<ul>\n<li>N\u00famero de vagas: 5<\/li>\n<li>Local de trabalho: Rio de Janeiro, RJ<\/li>\n<li>Regime de contrata\u00e7\u00e3o de tipo: Efetivo \u2013 CLT<\/li>\n<li>Jornada: Per\u00edodo Integral<\/li>\n<li>\u00c1rea e especializa\u00e7\u00e3o profissional: Administra\u00e7\u00e3o &#8211; Administra\u00e7\u00e3o Geral<\/li>\n<li>N\u00edvel hier\u00e1rquico: Coordenador<\/li>\n<\/ul>\n<p>HABILIDADES<\/p>\n<ul>\n<li>Necess\u00e1rio cnh b, necess\u00e1rio excel intermedi\u00e1rio para avan\u00e7ado, experi\u00eancia em gest\u00e3o de pessoas e experi\u00eancia em relacionamento com cliente<\/li>\n<\/ul>\n<p>Escolaridade M\u00ednima: Ensino M\u00e9dio (2\u00ba Grau)<\/p>\n<p>Sal\u00e1rio: 7500,0<\/p>\n","protected":false},"excerpt":{"rendered":"<p>Fun\u00e7oes: Gerenciar e coordenar a execu\u00e7\u00e3o de contratos; Acompanhar as etapas de negocia\u00e7\u00f5es e revis\u00f5es contratuais; Coordinar com diferentes \u00e1reas para garantir a conformidade com os termos dos contratos; Realizar an\u00e1lises e relat\u00f3rios sobre os contratos vigentes; Participar de reuni\u00f5es estrat\u00e9gicas para discuss\u00f5es sobre contratos; Atendimento\u00a0a\u00a0contratos\u00a0em\u00a0endere\u00e7os\u00a0diversos\u00a0no Rio de Janeiro. N\u00famero de vagas: 5 Local de [&hellip;]<\/p>\n","protected":false},"author":1,"featured_media":0,"comment_status":"open","ping_status":"open","sticky":false,"template":"","format":"standard","meta":{"footnotes":""},"categories":[21],"tags":[],"class_list":["post-1927","post","type-post","status-publish","format-standard","hentry","category-rio-de-janeiro-rj"],"_links":{"self":[{"href":"https:\/\/vagas.portalemprego.com.br\/index.php?rest_route=\/wp\/v2\/posts\/1927","targetHints":{"allow":["GET"]}}],"collection":[{"href":"https:\/\/vagas.portalemprego.com.br\/index.php?rest_route=\/wp\/v2\/posts"}],"about":[{"href":"https:\/\/vagas.portalemprego.com.br\/index.php?rest_route=\/wp\/v2\/types\/post"}],"author":[{"embeddable":true,"href":"https:\/\/vagas.portalemprego.com.br\/index.php?rest_route=\/wp\/v2\/users\/1"}],"replies":[{"embeddable":true,"href":"https:\/\/vagas.portalemprego.com.br\/index.php?rest_route=%2Fwp%2Fv2%2Fcomments&post=1927"}],"version-history":[{"count":0,"href":"https:\/\/vagas.portalemprego.com.br\/index.php?rest_route=\/wp\/v2\/posts\/1927\/revisions"}],"wp:attachment":[{"href":"https:\/\/vagas.portalemprego.com.br\/index.php?rest_route=%2Fwp%2Fv2%2Fmedia&parent=1927"}],"wp:term":[{"taxonomy":"category","embeddable":true,"href":"https:\/\/vagas.portalemprego.com.br\/index.php?rest_route=%2Fwp%2Fv2%2Fcategories&post=1927"},{"taxonomy":"post_tag","embeddable":true,"href":"https:\/\/vagas.portalemprego.com.br\/index.php?rest_route=%2Fwp%2Fv2%2Ftags&post=1927"}],"curies":[{"name":"wp","href":"https:\/\/api.w.org\/{rel}","templated":true}]}}