{"id":1932,"date":"2026-04-29T06:29:29","date_gmt":"2026-04-29T09:29:29","guid":{"rendered":"https:\/\/vagas.portalemprego.com.br\/?p=1932"},"modified":"2026-04-29T06:29:29","modified_gmt":"2026-04-29T09:29:29","slug":"promotor-de-vendas-comercial-vendas-rio-de-janeiro-3","status":"publish","type":"post","link":"https:\/\/vagas.portalemprego.com.br\/?p=1932","title":{"rendered":"Promotor de Vendas &#8211; Comercial, Vendas &#8211; Rio de Janeiro"},"content":{"rendered":"<p>?? VEM SER GP! ??<br \/>\nO Grupo Petr\u00f3polis est\u00e1 com vaga aberta para Promotor de Vendas em Rio de Janeiro\/RJ!<br \/>\nSe voc\u00ea \u00e9 proativo, gosta de trabalhar com grandes marcas e quer fazer parte de uma empresa que valoriza o seu crescimento, essa oportunidade \u00e9 pra voc\u00ea!<br \/>\n?? Vaga: Promotor de Vendas<br \/>\n?? Local: Rio de Janeiro\/RJ<br \/>\n??? Atribui\u00e7\u00f5es<br \/>\nPromover os produtos comercializados pela empresa, organizando a exposi\u00e7\u00e3o e a rotatividade nos pontos de venda conforme layout e procedimentos estabelecidos.<br \/>\nEsclarecer d\u00favidas, afixar material promocional e acompanhar o recebimento dos produtos nos PDVs.<br \/>\nGarantir visibilidade e atratividade dos produtos, facilitando a aquisi\u00e7\u00e3o pelos clientes.<br \/>\n?? Requisitos<br \/>\nEnsino M\u00e9dio Completo<br \/>\nMoto pr\u00f3pria<br \/>\nCNH A v\u00e1lida<br \/>\nF\u00e1cil acesso \u00e0 regi\u00e3o<br \/>\n?? Benef\u00edcios<br \/>\nVale Refei\u00e7\u00e3o<br \/>\nVale Alimenta\u00e7\u00e3o<br \/>\nAssist\u00eancia M\u00e9dica<br \/>\nAssist\u00eancia Odontol\u00f3gica<br \/>\nSeguro de Vida<br \/>\nReembolso por KM<br \/>\nPlano de Carreira<br \/>\n?? Venha fazer parte de um time que valoriza o seu talento e investe no seu futuro!<br \/>\n#VemSerGP #GrupoPetr\u00f3polis #PromotorDeVendas #Oportunidade<\/p>\n<ul>\n<li>Local de trabalho: Rio de Janeiro, RJ<\/li>\n<li>Regime de contrata\u00e7\u00e3o de tipo: Efetivo \u2013 CLT<\/li>\n<li>Jornada: Per\u00edodo Integral<\/li>\n<li>\u00c1rea e especializa\u00e7\u00e3o profissional: Comercial, Vendas &#8211; Demonstrador \/ Promotor<\/li>\n<li>N\u00edvel hier\u00e1rquico: Assistente<\/li>\n<\/ul>\n<p>VALORIZADO<\/p>\n<p>Tempo de experi\u00eancia: Sem experi\u00eancia<\/p>\n<p>Escolaridade M\u00ednima: Ensino M\u00e9dio (2\u00ba Grau)<\/p>\n<p>Habilita\u00e7\u00e3o para dirigir: A<\/p>\n<p>Ve\u00edculo pr\u00f3prio<\/p>\n<p>Sal\u00e1rio: 1687,32<\/p>\n","protected":false},"excerpt":{"rendered":"<p>?? VEM SER GP! ?? O Grupo Petr\u00f3polis est\u00e1 com vaga aberta para Promotor de Vendas em Rio de Janeiro\/RJ! Se voc\u00ea \u00e9 proativo, gosta de trabalhar com grandes marcas e quer fazer parte de uma empresa que valoriza o seu crescimento, essa oportunidade \u00e9 pra voc\u00ea! ?? Vaga: Promotor de Vendas ?? Local: Rio [&hellip;]<\/p>\n","protected":false},"author":1,"featured_media":0,"comment_status":"open","ping_status":"open","sticky":false,"template":"","format":"standard","meta":{"footnotes":""},"categories":[21],"tags":[],"class_list":["post-1932","post","type-post","status-publish","format-standard","hentry","category-rio-de-janeiro-rj"],"_links":{"self":[{"href":"https:\/\/vagas.portalemprego.com.br\/index.php?rest_route=\/wp\/v2\/posts\/1932","targetHints":{"allow":["GET"]}}],"collection":[{"href":"https:\/\/vagas.portalemprego.com.br\/index.php?rest_route=\/wp\/v2\/posts"}],"about":[{"href":"https:\/\/vagas.portalemprego.com.br\/index.php?rest_route=\/wp\/v2\/types\/post"}],"author":[{"embeddable":true,"href":"https:\/\/vagas.portalemprego.com.br\/index.php?rest_route=\/wp\/v2\/users\/1"}],"replies":[{"embeddable":true,"href":"https:\/\/vagas.portalemprego.com.br\/index.php?rest_route=%2Fwp%2Fv2%2Fcomments&post=1932"}],"version-history":[{"count":0,"href":"https:\/\/vagas.portalemprego.com.br\/index.php?rest_route=\/wp\/v2\/posts\/1932\/revisions"}],"wp:attachment":[{"href":"https:\/\/vagas.portalemprego.com.br\/index.php?rest_route=%2Fwp%2Fv2%2Fmedia&parent=1932"}],"wp:term":[{"taxonomy":"category","embeddable":true,"href":"https:\/\/vagas.portalemprego.com.br\/index.php?rest_route=%2Fwp%2Fv2%2Fcategories&post=1932"},{"taxonomy":"post_tag","embeddable":true,"href":"https:\/\/vagas.portalemprego.com.br\/index.php?rest_route=%2Fwp%2Fv2%2Ftags&post=1932"}],"curies":[{"name":"wp","href":"https:\/\/api.w.org\/{rel}","templated":true}]}}