{"id":1936,"date":"2026-04-29T06:29:29","date_gmt":"2026-04-29T09:29:29","guid":{"rendered":"https:\/\/vagas.portalemprego.com.br\/?p=1936"},"modified":"2026-04-29T06:29:29","modified_gmt":"2026-04-29T09:29:29","slug":"consultor-de-expansao-de-franquias-comercial-vendas-rio-de-janeiro","status":"publish","type":"post","link":"https:\/\/vagas.portalemprego.com.br\/?p=1936","title":{"rendered":"Consultor de Expans\u00e3o de Franquias &#8211; Comercial, Vendas &#8211; Rio de Janeiro"},"content":{"rendered":"<p>Estamos em busca de um profissional com perfil comercial e estrat\u00e9gico para atuar na expans\u00e3o de franquias, sendo respons\u00e1vel por todo o processo de prospec\u00e7\u00e3o e relacionamento com investidores.<br \/>\nPrincipais responsabilidades:<br \/>\n\u2022 Atendimento e qualifica\u00e7\u00e3o de leads interessados em franquias;<br \/>\n\u2022 Prospec\u00e7\u00e3o ativa de novos investidores;<br \/>\n\u2022 Gest\u00e3o da carteira de leads e acompanhamento do funil de vendas;<br \/>\n\u2022 Condu\u00e7\u00e3o de reuni\u00f5es e apresenta\u00e7\u00f5es com candidatos;<br \/>\n\u2022 An\u00e1lise de perfil e viabilidade de novos franqueados;<br \/>\n\u2022 Apoio em negocia\u00e7\u00f5es e fechamento de contratos de franquia;<br \/>\n\u2022 Relacionamento com investidores e parceiros;<br \/>\n\u2022 Realiza\u00e7\u00e3o de visitas t\u00e9cnicas e viagens em \u00e2mbito nacional.<br \/>\nRequisitos:<br \/>\n\u2022 Experi\u00eancia com expans\u00e3o de franquias ou franqueadoras;<br \/>\n\u2022 Conhecimento em contratos de franquia e relacionamento com investidores;<br \/>\n\u2022 Perfil comercial, comunicativo e estrat\u00e9gico;<br \/>\n\u2022 Disponibilidade total para viagens.<br \/>\nInforma\u00e7\u00f5es da vaga:<br \/>\n\u2022 Modelo de contrata\u00e7\u00e3o: PJ;<br \/>\n\u2022 Remunera\u00e7\u00e3o: R$ 7.000 a R$ 10.000 (fixo) + comiss\u00e3o de 10% sobre taxa de franquia;<br \/>\n\u2022 Benef\u00edcios: VT + 50% de desconto em produtos;<br \/>\n\u2022 Modelo h\u00edbrido: 1 dia de home office por semana;<br \/>\n\u2022 Local: Centro \u2013 Rio de Janeiro;<br \/>\n\u2022 Hor\u00e1rio: Segunda a sexta, das 9h \u00e0s 18h;<br \/>\n\u2022 Despesas com visitas e viagens custeadas pela empresa.<br \/>\n?? Venha fazer parte da nossa equipe!<\/p>\n<ul>\n<li>Local de trabalho: Rio de Janeiro, RJ<\/li>\n<li>Regime de contrata\u00e7\u00e3o de tipo: Prestador de Servi\u00e7os (PJ)<\/li>\n<li>Jornada: Per\u00edodo Integral<\/li>\n<li>\u00c1rea e especializa\u00e7\u00e3o profissional: Comercial, Vendas &#8211; Lojas \/ Shopping<\/li>\n<li>N\u00edvel hier\u00e1rquico: Especialista<\/li>\n<\/ul>\n<p>Escolaridade M\u00ednima: Ensino M\u00e9dio (2\u00ba Grau)<\/p>\n<p>Sal\u00e1rio: 15000,0<\/p>\n","protected":false},"excerpt":{"rendered":"<p>Estamos em busca de um profissional com perfil comercial e estrat\u00e9gico para atuar na expans\u00e3o de franquias, sendo respons\u00e1vel por todo o processo de prospec\u00e7\u00e3o e relacionamento com investidores. Principais responsabilidades: \u2022 Atendimento e qualifica\u00e7\u00e3o de leads interessados em franquias; \u2022 Prospec\u00e7\u00e3o ativa de novos investidores; \u2022 Gest\u00e3o da carteira de leads e acompanhamento do [&hellip;]<\/p>\n","protected":false},"author":1,"featured_media":0,"comment_status":"open","ping_status":"open","sticky":false,"template":"","format":"standard","meta":{"footnotes":""},"categories":[21],"tags":[],"class_list":["post-1936","post","type-post","status-publish","format-standard","hentry","category-rio-de-janeiro-rj"],"_links":{"self":[{"href":"https:\/\/vagas.portalemprego.com.br\/index.php?rest_route=\/wp\/v2\/posts\/1936","targetHints":{"allow":["GET"]}}],"collection":[{"href":"https:\/\/vagas.portalemprego.com.br\/index.php?rest_route=\/wp\/v2\/posts"}],"about":[{"href":"https:\/\/vagas.portalemprego.com.br\/index.php?rest_route=\/wp\/v2\/types\/post"}],"author":[{"embeddable":true,"href":"https:\/\/vagas.portalemprego.com.br\/index.php?rest_route=\/wp\/v2\/users\/1"}],"replies":[{"embeddable":true,"href":"https:\/\/vagas.portalemprego.com.br\/index.php?rest_route=%2Fwp%2Fv2%2Fcomments&post=1936"}],"version-history":[{"count":0,"href":"https:\/\/vagas.portalemprego.com.br\/index.php?rest_route=\/wp\/v2\/posts\/1936\/revisions"}],"wp:attachment":[{"href":"https:\/\/vagas.portalemprego.com.br\/index.php?rest_route=%2Fwp%2Fv2%2Fmedia&parent=1936"}],"wp:term":[{"taxonomy":"category","embeddable":true,"href":"https:\/\/vagas.portalemprego.com.br\/index.php?rest_route=%2Fwp%2Fv2%2Fcategories&post=1936"},{"taxonomy":"post_tag","embeddable":true,"href":"https:\/\/vagas.portalemprego.com.br\/index.php?rest_route=%2Fwp%2Fv2%2Ftags&post=1936"}],"curies":[{"name":"wp","href":"https:\/\/api.w.org\/{rel}","templated":true}]}}