{"id":1938,"date":"2026-04-29T06:29:29","date_gmt":"2026-04-29T09:29:29","guid":{"rendered":"https:\/\/vagas.portalemprego.com.br\/?p=1938"},"modified":"2026-04-29T06:29:29","modified_gmt":"2026-04-29T09:29:29","slug":"assistente-de-vendas-vaga-afirmativa-tambem-para-o-publico-pcd-comercial-vendas-rio-de-janeiro","status":"publish","type":"post","link":"https:\/\/vagas.portalemprego.com.br\/?p=1938","title":{"rendered":"Assistente de Vendas &#8211; Vaga afirmativa tamb\u00e9m para o p\u00fablico PCD &#8211; Comercial, Vendas &#8211; Rio de Janeiro"},"content":{"rendered":"<p>Esta vaga tamb\u00e9m \u00e9 destinada a Pessoas com Defici\u00eancia (PCD). Valorizamos a diversidade e incentivamos a candidatura de profissionais de todos os perfis. \u2022 Garantir a conformidade com todas as pol\u00edticas e procedimentos da Sephora; \u2022 Garantir os padr\u00f5es de seguran\u00e7a e a organiza\u00e7\u00e3o do backstage: estoque, arm\u00e1rios, cozinha, banheiro, etc.; \u2022 Manter atualizado as AOP\u2019s nas gavetas; \u2022 Trabalhar constantemente em busca das melhores pr\u00e1ticas para garantir resultados satisfat\u00f3rios de auditoria; \u2022 Consultar o gerente da loja em rela\u00e7\u00e3o a quest\u00f5es espec\u00edficas do mundo atribu\u00eddo; \u2022 Desempenhar fun\u00e7\u00f5es de caixa quando necess\u00e1rio; \u2022 Fazer invent\u00e1rios pontuais\/ c\u00edclicos em tempo h\u00e1bil e manter registros de invent\u00e1rio atualizados quando necess\u00e1rio; \u2022 Monitorar e manter a quantidade adequada de suprimentos, itens para teste e amostras do mundo atribu\u00eddo; \u2022 Assegurar que os procedimentos de recebimento, transfer\u00eancia e devolu\u00e7\u00e3o de mercadorias sejam respeitados (na aus\u00eancia do supervisor adm ou estoquista); \u2022 Comunicar problemas de estoque\/d\u00favidas, pontos cr\u00edticos \u00e0s \u00e1reas envolvidas; \u2022 Certificar-se de que os padr\u00f5es de seguran\u00e7a da loja sejam mantidos; \u2022 Garantir supervis\u00e3o da loja em todos os momentos; \u2022 Desempenhar outras fun\u00e7\u00f5es relacionadas \u00e0 loja que lhe forem atribu\u00eddas. No ManpowerGroup, a sua carreira tem um novo rumo! Se voc\u00ea est\u00e1 em busca de crescimento, desafios e um ambiente que valoriza o seu potencial, venha fazer parte do nosso time. Aqui, cada talento \u00e9 reconhecido e valorizado. Candidate-se agora e transforme seu futuro com a gente !<br \/>\nRequisitos e qualifica\u00e7\u00f5es<br \/>\nEnsino m\u00e9dio completo. Experi\u00eancia com atendimento ao cliente, vendas e afins. #Varejo #Gest\u00e3oDeEstoque #Opera\u00e7\u00f5esDeLoja #Invent\u00e1rio #AtendimentoAoCliente #VagasManpower<\/p>\n<ul>\n<li>Local de trabalho: Rio de Janeiro, RJ<\/li>\n<li>Regime de contrata\u00e7\u00e3o de tipo: Tempor\u00e1rio<\/li>\n<li>Jornada: Per\u00edodo Integral<\/li>\n<li>\u00c1rea e especializa\u00e7\u00e3o profissional: Comercial, Vendas &#8211; Venda Externa<\/li>\n<li>N\u00edvel hier\u00e1rquico: Assistente<\/li>\n<\/ul>\n<p>Escolaridade M\u00ednima: Ensino M\u00e9dio (2\u00ba Grau)<\/p>\n<ul>\n<li>Vale Transporte; Vale Refei\u00e7\u00e3o; Seguro de Vida.<\/li>\n<\/ul>\n<p>Sal\u00e1rio: 1987,0<\/p>\n","protected":false},"excerpt":{"rendered":"<p>Esta vaga tamb\u00e9m \u00e9 destinada a Pessoas com Defici\u00eancia (PCD). Valorizamos a diversidade e incentivamos a candidatura de profissionais de todos os perfis. \u2022 Garantir a conformidade com todas as pol\u00edticas e procedimentos da Sephora; \u2022 Garantir os padr\u00f5es de seguran\u00e7a e a organiza\u00e7\u00e3o do backstage: estoque, arm\u00e1rios, cozinha, banheiro, etc.; \u2022 Manter atualizado as [&hellip;]<\/p>\n","protected":false},"author":1,"featured_media":0,"comment_status":"open","ping_status":"open","sticky":false,"template":"","format":"standard","meta":{"footnotes":""},"categories":[21],"tags":[],"class_list":["post-1938","post","type-post","status-publish","format-standard","hentry","category-rio-de-janeiro-rj"],"_links":{"self":[{"href":"https:\/\/vagas.portalemprego.com.br\/index.php?rest_route=\/wp\/v2\/posts\/1938","targetHints":{"allow":["GET"]}}],"collection":[{"href":"https:\/\/vagas.portalemprego.com.br\/index.php?rest_route=\/wp\/v2\/posts"}],"about":[{"href":"https:\/\/vagas.portalemprego.com.br\/index.php?rest_route=\/wp\/v2\/types\/post"}],"author":[{"embeddable":true,"href":"https:\/\/vagas.portalemprego.com.br\/index.php?rest_route=\/wp\/v2\/users\/1"}],"replies":[{"embeddable":true,"href":"https:\/\/vagas.portalemprego.com.br\/index.php?rest_route=%2Fwp%2Fv2%2Fcomments&post=1938"}],"version-history":[{"count":0,"href":"https:\/\/vagas.portalemprego.com.br\/index.php?rest_route=\/wp\/v2\/posts\/1938\/revisions"}],"wp:attachment":[{"href":"https:\/\/vagas.portalemprego.com.br\/index.php?rest_route=%2Fwp%2Fv2%2Fmedia&parent=1938"}],"wp:term":[{"taxonomy":"category","embeddable":true,"href":"https:\/\/vagas.portalemprego.com.br\/index.php?rest_route=%2Fwp%2Fv2%2Fcategories&post=1938"},{"taxonomy":"post_tag","embeddable":true,"href":"https:\/\/vagas.portalemprego.com.br\/index.php?rest_route=%2Fwp%2Fv2%2Ftags&post=1938"}],"curies":[{"name":"wp","href":"https:\/\/api.w.org\/{rel}","templated":true}]}}