{"id":1942,"date":"2026-04-29T06:29:29","date_gmt":"2026-04-29T09:29:29","guid":{"rendered":"https:\/\/vagas.portalemprego.com.br\/?p=1942"},"modified":"2026-04-29T06:29:29","modified_gmt":"2026-04-29T09:29:29","slug":"assistente-de-logistica-logistica-sao-joao-de-meriti","status":"publish","type":"post","link":"https:\/\/vagas.portalemprego.com.br\/?p=1942","title":{"rendered":"Assistente de Log\u00edstica &#8211; Log\u00edstica &#8211; S\u00e3o Jo\u00e3o de Meriti"},"content":{"rendered":"<p>A J&amp;T \u00e9 conhecida como uma das maiores empresas do setor de transportes de log\u00edstica, entrega expressa, armazenamento e cadeia de suprimentos. Estamos presentes em 13 pa\u00edses!<\/p>\n<p>A J&amp;T Brasil \u00e9 uma Empregadora que oferece Oportunidades Iguais e n\u00e3o discrimina no recrutamento, contrata\u00e7\u00e3o, treinamento, promo\u00e7\u00e3o ou qualquer outra pr\u00e1tica de emprego por motivos de ra\u00e7a, cor, religi\u00e3o, g\u00eanero, origem nacional, idade, orienta\u00e7\u00e3o sexual, estado civil, defici\u00eancia ou qualquer outra condi\u00e7\u00e3o legalmente protegida.<br \/>\nAssistente Log\u00edstica <\/p>\n<p>COMO SER\u00c1 O SEU DIA A DIA:<br \/>\nRealizar fechamento de opera\u00e7\u00f5es e relat\u00f3rios peri\u00f3dicos;<br \/>\nAnalisar notas fiscais enviadas, verificando dados, valores, impostos e conformidade;<br \/>\nIdentificar e tratar diverg\u00eancias em notas fiscais e documentos;<br \/>\nAcompanhar e controlar coletas pendentes, garantindo cumprimento de prazos;<br \/>\nManter contato com parceiros, clientes e \u00e1reas internas para alinhamento de informa\u00e7\u00f5es e tirar d\u00favidas;<br \/>\nAtualizar e controlar planilhas e sistemas com dados operacionais e fiscais.<br \/>\nCONHECIMENTOS DESEJADOS:<br \/>\nViv\u00eancia com rotinas de fechamento, an\u00e1lise documental e controle operacional;<br \/>\nExperi\u00eancia com confer\u00eancia de notas fiscais e acompanhamento de processos;<br \/>\nAtua\u00e7\u00e3o em ambientes com alto volume de informa\u00e7\u00f5es e prazos.<br \/>\nConhecimento em processos log\u00edsticos e administrativos;<br \/>\nConhecimento em an\u00e1lise e confer\u00eancia de notas fiscais (NF-e, CFOP, impostos b\u00e1sicos);<br \/>\nNo\u00e7\u00f5es de faturamento, fechamento mensal e controles operacionais.<br \/>\nPR\u00c9-REQUISITOS:<br \/>\nEnsino superior completo ou em andamento em Log\u00edstica, Administra\u00e7\u00e3o, Contabilidade ou \u00e1reas correlatas;<br \/>\nPacote Office intermedi\u00e1rio para avan\u00e7ado (principalmente EXCEL).<\/p>\n<ul>\n<li>Local de trabalho: S\u00e3o Jo\u00e3o de Meriti, RJ<\/li>\n<li>Regime de contrata\u00e7\u00e3o de tipo: Efetivo \u2013 CLT<\/li>\n<li>Jornada: Per\u00edodo Integral<\/li>\n<li>\u00c1rea e especializa\u00e7\u00e3o profissional: Log\u00edstica &#8211; Log\u00edstica<\/li>\n<li>N\u00edvel hier\u00e1rquico: Assistente<\/li>\n<\/ul>\n<p>VALORIZADO<\/p>\n<p>Tempo de experi\u00eancia: Entre 1 e 3 anos<\/p>\n<p>Escolaridade M\u00ednima: Ensino M\u00e9dio (2\u00ba Grau)<\/p>\n<p>Forma\u00e7\u00e3o desejada:<\/p>\n<ul>\n<li>Ensino M\u00e9dio (2\u00ba Grau)<\/li>\n<\/ul>\n<p>Sal\u00e1rio: 2300,0<\/p>\n","protected":false},"excerpt":{"rendered":"<p>A J&amp;T \u00e9 conhecida como uma das maiores empresas do setor de transportes de log\u00edstica, entrega expressa, armazenamento e cadeia de suprimentos. Estamos presentes em 13 pa\u00edses! A J&amp;T Brasil \u00e9 uma Empregadora que oferece Oportunidades Iguais e n\u00e3o discrimina no recrutamento, contrata\u00e7\u00e3o, treinamento, promo\u00e7\u00e3o ou qualquer outra pr\u00e1tica de emprego por motivos de ra\u00e7a, [&hellip;]<\/p>\n","protected":false},"author":1,"featured_media":0,"comment_status":"open","ping_status":"open","sticky":false,"template":"","format":"standard","meta":{"footnotes":""},"categories":[21],"tags":[],"class_list":["post-1942","post","type-post","status-publish","format-standard","hentry","category-rio-de-janeiro-rj"],"_links":{"self":[{"href":"https:\/\/vagas.portalemprego.com.br\/index.php?rest_route=\/wp\/v2\/posts\/1942","targetHints":{"allow":["GET"]}}],"collection":[{"href":"https:\/\/vagas.portalemprego.com.br\/index.php?rest_route=\/wp\/v2\/posts"}],"about":[{"href":"https:\/\/vagas.portalemprego.com.br\/index.php?rest_route=\/wp\/v2\/types\/post"}],"author":[{"embeddable":true,"href":"https:\/\/vagas.portalemprego.com.br\/index.php?rest_route=\/wp\/v2\/users\/1"}],"replies":[{"embeddable":true,"href":"https:\/\/vagas.portalemprego.com.br\/index.php?rest_route=%2Fwp%2Fv2%2Fcomments&post=1942"}],"version-history":[{"count":0,"href":"https:\/\/vagas.portalemprego.com.br\/index.php?rest_route=\/wp\/v2\/posts\/1942\/revisions"}],"wp:attachment":[{"href":"https:\/\/vagas.portalemprego.com.br\/index.php?rest_route=%2Fwp%2Fv2%2Fmedia&parent=1942"}],"wp:term":[{"taxonomy":"category","embeddable":true,"href":"https:\/\/vagas.portalemprego.com.br\/index.php?rest_route=%2Fwp%2Fv2%2Fcategories&post=1942"},{"taxonomy":"post_tag","embeddable":true,"href":"https:\/\/vagas.portalemprego.com.br\/index.php?rest_route=%2Fwp%2Fv2%2Ftags&post=1942"}],"curies":[{"name":"wp","href":"https:\/\/api.w.org\/{rel}","templated":true}]}}