{"id":1945,"date":"2026-04-29T06:29:29","date_gmt":"2026-04-29T09:29:29","guid":{"rendered":"https:\/\/vagas.portalemprego.com.br\/?p=1945"},"modified":"2026-04-29T06:29:29","modified_gmt":"2026-04-29T09:29:29","slug":"vendedor-externo-comercial-vendas-rio-de-janeiro","status":"publish","type":"post","link":"https:\/\/vagas.portalemprego.com.br\/?p=1945","title":{"rendered":"Vendedor Externo &#8211; Comercial, Vendas &#8211; Rio de Janeiro"},"content":{"rendered":"<p>Objetivo:<br \/>\nEfetuar vendas de produtos comercializados pela Unidade de Neg\u00f3cio Distribui\u00e7\u00e3o, atrav\u00e9s de visitas regulares nos<br \/>\nPonto de Vendas (PDV\u2019), bem como capta\u00e7\u00e3o de novos clientes, visando atingir as metas e objetivos comerciais,<br \/>\ndentro das normas estabelecidas pela Empresa.<\/p>\n<p>Requisitos:<br \/>\n&#8211; CNH A e Moto Pr\u00f3pria<br \/>\n&#8211; Experi\u00eancia com vendas externas<br \/>\n&#8211; Ensino m\u00e9dio completo<br \/>\n&#8211; Vontade de crescimento<\/p>\n<ul>\n<li>Local de trabalho: Rio de Janeiro, RJ<\/li>\n<li>Regime de contrata\u00e7\u00e3o de tipo: Efetivo \u2013 CLT<\/li>\n<li>Jornada: Per\u00edodo Integral<\/li>\n<li>\u00c1rea e especializa\u00e7\u00e3o profissional: Comercial, Vendas &#8211; Venda Externa<\/li>\n<li>N\u00edvel hier\u00e1rquico: Operacional<\/li>\n<\/ul>\n<p>VALORIZADO<\/p>\n<p>Tempo de experi\u00eancia: Entre 1 e 3 anos<\/p>\n<p>Escolaridade M\u00ednima: Ensino M\u00e9dio (2\u00ba Grau)<\/p>\n<p>Habilita\u00e7\u00e3o para dirigir: A<\/p>\n<p>Ve\u00edculo pr\u00f3prio<\/p>\n<p>Disponibilidade para viajar<\/p>\n<ul>\n<li>vale alimenta\u00e7\u00e3o<\/li>\n<li>plano de carreira<\/li>\n<li>gympass<\/li>\n<li>vale refei\u00e7\u00e3o<\/li>\n<li>plano odontologico<\/li>\n<li>plano de sa\u00fade<\/li>\n<\/ul>\n","protected":false},"excerpt":{"rendered":"<p>Objetivo: Efetuar vendas de produtos comercializados pela Unidade de Neg\u00f3cio Distribui\u00e7\u00e3o, atrav\u00e9s de visitas regulares nos Ponto de Vendas (PDV\u2019), bem como capta\u00e7\u00e3o de novos clientes, visando atingir as metas e objetivos comerciais, dentro das normas estabelecidas pela Empresa. Requisitos: &#8211; CNH A e Moto Pr\u00f3pria &#8211; Experi\u00eancia com vendas externas &#8211; Ensino m\u00e9dio completo [&hellip;]<\/p>\n","protected":false},"author":1,"featured_media":0,"comment_status":"open","ping_status":"open","sticky":false,"template":"","format":"standard","meta":{"footnotes":""},"categories":[21],"tags":[],"class_list":["post-1945","post","type-post","status-publish","format-standard","hentry","category-rio-de-janeiro-rj"],"_links":{"self":[{"href":"https:\/\/vagas.portalemprego.com.br\/index.php?rest_route=\/wp\/v2\/posts\/1945","targetHints":{"allow":["GET"]}}],"collection":[{"href":"https:\/\/vagas.portalemprego.com.br\/index.php?rest_route=\/wp\/v2\/posts"}],"about":[{"href":"https:\/\/vagas.portalemprego.com.br\/index.php?rest_route=\/wp\/v2\/types\/post"}],"author":[{"embeddable":true,"href":"https:\/\/vagas.portalemprego.com.br\/index.php?rest_route=\/wp\/v2\/users\/1"}],"replies":[{"embeddable":true,"href":"https:\/\/vagas.portalemprego.com.br\/index.php?rest_route=%2Fwp%2Fv2%2Fcomments&post=1945"}],"version-history":[{"count":0,"href":"https:\/\/vagas.portalemprego.com.br\/index.php?rest_route=\/wp\/v2\/posts\/1945\/revisions"}],"wp:attachment":[{"href":"https:\/\/vagas.portalemprego.com.br\/index.php?rest_route=%2Fwp%2Fv2%2Fmedia&parent=1945"}],"wp:term":[{"taxonomy":"category","embeddable":true,"href":"https:\/\/vagas.portalemprego.com.br\/index.php?rest_route=%2Fwp%2Fv2%2Fcategories&post=1945"},{"taxonomy":"post_tag","embeddable":true,"href":"https:\/\/vagas.portalemprego.com.br\/index.php?rest_route=%2Fwp%2Fv2%2Ftags&post=1945"}],"curies":[{"name":"wp","href":"https:\/\/api.w.org\/{rel}","templated":true}]}}