{"id":1946,"date":"2026-04-29T06:29:29","date_gmt":"2026-04-29T09:29:29","guid":{"rendered":"https:\/\/vagas.portalemprego.com.br\/?p=1946"},"modified":"2026-04-29T06:29:29","modified_gmt":"2026-04-29T09:29:29","slug":"cumim-alimentacao-gastronomia-rio-de-janeiro-2","status":"publish","type":"post","link":"https:\/\/vagas.portalemprego.com.br\/?p=1946","title":{"rendered":"Cumim &#8211; Alimenta\u00e7\u00e3o \/ Gastronomia &#8211; Rio de Janeiro"},"content":{"rendered":"<p>Rede de restaurantes contrata \tCumim para os bairros de Copacabana e Ipanema:<br \/>\nPrincipais responsabilidades:<br \/>\n&#8211; Auxiliar os gar\u00e7ons no atendimento aos clientes, trazendo os pedidos, bebidas e utens\u00edlios;<br \/>\n&#8211; Montar e desmontar as mesas, garantindo um ambiente organizado e agrad\u00e1vel;<br \/>\n&#8211; Realizar a reposi\u00e7\u00e3o de itens, como guardanapos, talheres e pratos, durante o servi\u00e7o;<br \/>\n&#8211; Auxiliar no controle de desperd\u00edcios e manuten\u00e7\u00e3o da limpeza do sal\u00e3o;<br \/>\n&#8211; Colaborar com as demais atividades da equipe, buscando sempre otimizar o atendimento aos clientes.<br \/>\nRequisitos:<br \/>\n&#8211; Experi\u00eancia pr\u00e9via na fun\u00e7\u00e3o de Cumim ou como auxiliar de gar\u00e7om;<br \/>\n&#8211; Conhecimentos b\u00e1sicos de etiqueta e protocolo de atendimento em restaurantes;<br \/>\n&#8211; Habilidade em trabalhar em equipe, mantendo um bom relacionamento interpessoal;<br \/>\n&#8211; Excelente comunica\u00e7\u00e3o e flexibilidade para lidar com diferentes demandas;<\/p>\n<p>Hor\u00e1rio: 13:00 as 21:00<br \/>\nEscala 6&#215;1<br \/>\nSal\u00e1rio: 2300,00 ( VT e refei\u00e7\u00e3o no local)<\/p>\n<ul>\n<li>Local de trabalho: Rio de Janeiro, RJ<\/li>\n<li>Regime de contrata\u00e7\u00e3o de tipo: Efetivo \u2013 CLT<\/li>\n<li>Jornada: Per\u00edodo Integral<\/li>\n<li>\u00c1rea e especializa\u00e7\u00e3o profissional: Alimenta\u00e7\u00e3o \/ Gastronomia &#8211; Atendente \/ Recep\u00e7\u00e3o \/ Gar\u00e7om<\/li>\n<li>N\u00edvel hier\u00e1rquico: Auxiliar<\/li>\n<\/ul>\n<p>Escolaridade M\u00ednima: Ensino Fundamental (1\u00ba grau)<\/p>\n","protected":false},"excerpt":{"rendered":"<p>Rede de restaurantes contrata Cumim para os bairros de Copacabana e Ipanema: Principais responsabilidades: &#8211; Auxiliar os gar\u00e7ons no atendimento aos clientes, trazendo os pedidos, bebidas e utens\u00edlios; &#8211; Montar e desmontar as mesas, garantindo um ambiente organizado e agrad\u00e1vel; &#8211; Realizar a reposi\u00e7\u00e3o de itens, como guardanapos, talheres e pratos, durante o servi\u00e7o; &#8211; [&hellip;]<\/p>\n","protected":false},"author":1,"featured_media":0,"comment_status":"open","ping_status":"open","sticky":false,"template":"","format":"standard","meta":{"footnotes":""},"categories":[21],"tags":[],"class_list":["post-1946","post","type-post","status-publish","format-standard","hentry","category-rio-de-janeiro-rj"],"_links":{"self":[{"href":"https:\/\/vagas.portalemprego.com.br\/index.php?rest_route=\/wp\/v2\/posts\/1946","targetHints":{"allow":["GET"]}}],"collection":[{"href":"https:\/\/vagas.portalemprego.com.br\/index.php?rest_route=\/wp\/v2\/posts"}],"about":[{"href":"https:\/\/vagas.portalemprego.com.br\/index.php?rest_route=\/wp\/v2\/types\/post"}],"author":[{"embeddable":true,"href":"https:\/\/vagas.portalemprego.com.br\/index.php?rest_route=\/wp\/v2\/users\/1"}],"replies":[{"embeddable":true,"href":"https:\/\/vagas.portalemprego.com.br\/index.php?rest_route=%2Fwp%2Fv2%2Fcomments&post=1946"}],"version-history":[{"count":0,"href":"https:\/\/vagas.portalemprego.com.br\/index.php?rest_route=\/wp\/v2\/posts\/1946\/revisions"}],"wp:attachment":[{"href":"https:\/\/vagas.portalemprego.com.br\/index.php?rest_route=%2Fwp%2Fv2%2Fmedia&parent=1946"}],"wp:term":[{"taxonomy":"category","embeddable":true,"href":"https:\/\/vagas.portalemprego.com.br\/index.php?rest_route=%2Fwp%2Fv2%2Fcategories&post=1946"},{"taxonomy":"post_tag","embeddable":true,"href":"https:\/\/vagas.portalemprego.com.br\/index.php?rest_route=%2Fwp%2Fv2%2Ftags&post=1946"}],"curies":[{"name":"wp","href":"https:\/\/api.w.org\/{rel}","templated":true}]}}