{"id":1949,"date":"2026-04-29T06:29:29","date_gmt":"2026-04-29T09:29:29","guid":{"rendered":"https:\/\/vagas.portalemprego.com.br\/?p=1949"},"modified":"2026-04-29T06:29:29","modified_gmt":"2026-04-29T09:29:29","slug":"secretaria-vaga-afirmativa-tambem-para-o-publico-pcd-administracao-rio-de-janeiro","status":"publish","type":"post","link":"https:\/\/vagas.portalemprego.com.br\/?p=1949","title":{"rendered":"Secret\u00e1ria &#8211; Vaga afirmativa tamb\u00e9m para o p\u00fablico PCD &#8211; Administra\u00e7\u00e3o &#8211; Rio de Janeiro"},"content":{"rendered":"<p>Esta vaga tamb\u00e9m \u00e9 destinada a Pessoas com Defici\u00eancia (PCD). Valorizamos a diversidade e incentivamos a candidatura de profissionais de todos os perfis.<\/p>\n<p>&#8211; Prospectar e atender clientes de maneira eficiente, garantindo um servi\u00e7o personalizado.<br \/>\n&#8211; Apresentar solu\u00e7\u00f5es e produtos de forma estrat\u00e9gica, adaptando-se \u00e0s necessidades dos clientes.<br \/>\n&#8211; Estabelecer e manter um relacionamento s\u00f3lido com os leads, proporcionando um atendimento de excel\u00eancia.<br \/>\n&#8211; Acompanhar todo o processo de matr\u00edcula, assegurando que os clientes recebam o suporte necess\u00e1rio at\u00e9 a conclus\u00e3o.<br \/>\n&#8211; Cumprir metas e indicadores estabelecidos, contribuindo para o crescimento da empresa.<\/p>\n<p>No ManpowerGroup, a sua carreira tem um novo rumo! Se voc\u00ea est\u00e1 em busca de crescimento, desafios e um ambiente que valoriza o seu potencial, venha fazer parte do nosso time. Aqui, cada talento \u00e9 reconhecido e valorizado.<\/p>\n<p>Candidate-se agora e transforme seu futuro com a gente !<\/p>\n<p>Requisitos e qualifica\u00e7\u00f5es<br \/>\n&#8211; Forma\u00e7\u00e3o: Ensino m\u00e9dio completo.<br \/>\n&#8211; Experi\u00eancia anterior em vendas ou na \u00e1rea comercial \u00e9 desej\u00e1vel, especialmente para candidatos que tenham atuado como vendedores de loja.<br \/>\n&#8211; Capacidade de convencimento e convers\u00e3o de matr\u00edculas ser\u00e1 um diferencial.<br \/>\n&#8211; Pacote office b\u00e1sico.<\/p>\n<p>#VendasConsultivas #AtendimentoAoCliente #Prospec\u00e7\u00e3oDeClientes #Gest\u00e3oDeRelacionamento #MetasComerciais #VagasManpower<\/p>\n<ul>\n<li>Local de trabalho: Rio de Janeiro, RJ<\/li>\n<li>Regime de contrata\u00e7\u00e3o de tipo: Efetivo \u2013 CLT<\/li>\n<li>Jornada: Per\u00edodo Integral<\/li>\n<li>\u00c1rea e especializa\u00e7\u00e3o profissional: Administra\u00e7\u00e3o &#8211; Secretariado<\/li>\n<li>N\u00edvel hier\u00e1rquico: Operacional<\/li>\n<\/ul>\n<p>Escolaridade M\u00ednima: Ensino M\u00e9dio (2\u00ba Grau)<\/p>\n","protected":false},"excerpt":{"rendered":"<p>Esta vaga tamb\u00e9m \u00e9 destinada a Pessoas com Defici\u00eancia (PCD). Valorizamos a diversidade e incentivamos a candidatura de profissionais de todos os perfis. &#8211; Prospectar e atender clientes de maneira eficiente, garantindo um servi\u00e7o personalizado. &#8211; Apresentar solu\u00e7\u00f5es e produtos de forma estrat\u00e9gica, adaptando-se \u00e0s necessidades dos clientes. &#8211; Estabelecer e manter um relacionamento s\u00f3lido [&hellip;]<\/p>\n","protected":false},"author":1,"featured_media":0,"comment_status":"open","ping_status":"open","sticky":false,"template":"","format":"standard","meta":{"footnotes":""},"categories":[21],"tags":[],"class_list":["post-1949","post","type-post","status-publish","format-standard","hentry","category-rio-de-janeiro-rj"],"_links":{"self":[{"href":"https:\/\/vagas.portalemprego.com.br\/index.php?rest_route=\/wp\/v2\/posts\/1949","targetHints":{"allow":["GET"]}}],"collection":[{"href":"https:\/\/vagas.portalemprego.com.br\/index.php?rest_route=\/wp\/v2\/posts"}],"about":[{"href":"https:\/\/vagas.portalemprego.com.br\/index.php?rest_route=\/wp\/v2\/types\/post"}],"author":[{"embeddable":true,"href":"https:\/\/vagas.portalemprego.com.br\/index.php?rest_route=\/wp\/v2\/users\/1"}],"replies":[{"embeddable":true,"href":"https:\/\/vagas.portalemprego.com.br\/index.php?rest_route=%2Fwp%2Fv2%2Fcomments&post=1949"}],"version-history":[{"count":0,"href":"https:\/\/vagas.portalemprego.com.br\/index.php?rest_route=\/wp\/v2\/posts\/1949\/revisions"}],"wp:attachment":[{"href":"https:\/\/vagas.portalemprego.com.br\/index.php?rest_route=%2Fwp%2Fv2%2Fmedia&parent=1949"}],"wp:term":[{"taxonomy":"category","embeddable":true,"href":"https:\/\/vagas.portalemprego.com.br\/index.php?rest_route=%2Fwp%2Fv2%2Fcategories&post=1949"},{"taxonomy":"post_tag","embeddable":true,"href":"https:\/\/vagas.portalemprego.com.br\/index.php?rest_route=%2Fwp%2Fv2%2Ftags&post=1949"}],"curies":[{"name":"wp","href":"https:\/\/api.w.org\/{rel}","templated":true}]}}