{"id":1951,"date":"2026-04-29T06:29:29","date_gmt":"2026-04-29T09:29:29","guid":{"rendered":"https:\/\/vagas.portalemprego.com.br\/?p=1951"},"modified":"2026-04-29T06:29:29","modified_gmt":"2026-04-29T09:29:29","slug":"advogadoa-junior-juridica-rio-de-janeiro","status":"publish","type":"post","link":"https:\/\/vagas.portalemprego.com.br\/?p=1951","title":{"rendered":"Advogado(a) J\u00fanior &#8211; Jur\u00eddica &#8211; Rio de Janeiro"},"content":{"rendered":"<p>Oportunidade para atuar como Advogado(a) J\u00fanior em escrit\u00f3rio de advocacia em expans\u00e3o. <\/p>\n<p>Atividades:<br \/>\n&#8211; Elabora\u00e7\u00e3o de pe\u00e7as processuais e manifesta\u00e7\u00f5es diversas;<br \/>\n&#8211; An\u00e1lise inicial de casos, confer\u00eancia e organiza\u00e7\u00e3o de documentos;<br \/>\n&#8211; Acompanhamento de processos, alimenta\u00e7\u00e3o de controles internos, apoio no ajuizamento de novas a\u00e7\u00f5es j\u00e1 contratadas;<br \/>\n&#8211; Aux\u00edlio na comunica\u00e7\u00e3o com clientes e suporte \u00e0 rotina contenciosa e consultiva do escrit\u00f3rio. <\/p>\n<p>Oferece remunera\u00e7\u00e3o de R$ 3.000,00\/m\u00eas.<br \/>\n***Modelo de contrata\u00e7\u00e3o: Contrato PJ (necess\u00e1rio MEI).  <\/p>\n<p>Hor\u00e1rio: De segunda a sexta-feira, das 09h \u00e0s 18h.<br \/>\nHor\u00e1rio flex\u00edvel (janela preferencial para alinhamentos, reuni\u00f5es e rotina de trabalho).<br \/>\nObs: Inicialmente ser\u00e1 presencial e posteriormente passar\u00e1 para regime h\u00edbrido. <\/p>\n<p>Local: Centro, Rio de Janeiro<\/p>\n<p>Necess\u00e1rio:<br \/>\n&#8211; Forma\u00e7\u00e3o em Direito com inscri\u00e7\u00e3o ativa na OAB;<br \/>\n&#8211; Experi\u00eancia em rotina jur\u00eddica de escrit\u00f3rio, especialmente com elabora\u00e7\u00e3o de pe\u00e7as, an\u00e1lise de documentos e acompanhamento processual;<br \/>\n&#8211; Conhecimento de processo civil e familiaridade com atua\u00e7\u00e3o em demandas c\u00edveis e consumeristas.<\/p>\n<ul>\n<li>Local de trabalho: Rio de Janeiro, RJ<\/li>\n<li>Regime de contrata\u00e7\u00e3o de tipo: Aut\u00f4nomo<\/li>\n<li>Jornada: Per\u00edodo Integral<\/li>\n<li>\u00c1rea e especializa\u00e7\u00e3o profissional: Jur\u00eddica &#8211; C\u00edvel<\/li>\n<li>N\u00edvel hier\u00e1rquico: Assistente<\/li>\n<\/ul>\n<p>Escolaridade M\u00ednima: Ensino Superior<\/p>\n<p>Forma\u00e7\u00e3o desejada:<\/p>\n<ul>\n<li>Direito, Ensino Superior<\/li>\n<\/ul>\n<p>Sal\u00e1rio: 3000,0<\/p>\n","protected":false},"excerpt":{"rendered":"<p>Oportunidade para atuar como Advogado(a) J\u00fanior em escrit\u00f3rio de advocacia em expans\u00e3o. Atividades: &#8211; Elabora\u00e7\u00e3o de pe\u00e7as processuais e manifesta\u00e7\u00f5es diversas; &#8211; An\u00e1lise inicial de casos, confer\u00eancia e organiza\u00e7\u00e3o de documentos; &#8211; Acompanhamento de processos, alimenta\u00e7\u00e3o de controles internos, apoio no ajuizamento de novas a\u00e7\u00f5es j\u00e1 contratadas; &#8211; Aux\u00edlio na comunica\u00e7\u00e3o com clientes e suporte [&hellip;]<\/p>\n","protected":false},"author":1,"featured_media":0,"comment_status":"open","ping_status":"open","sticky":false,"template":"","format":"standard","meta":{"footnotes":""},"categories":[21],"tags":[],"class_list":["post-1951","post","type-post","status-publish","format-standard","hentry","category-rio-de-janeiro-rj"],"_links":{"self":[{"href":"https:\/\/vagas.portalemprego.com.br\/index.php?rest_route=\/wp\/v2\/posts\/1951","targetHints":{"allow":["GET"]}}],"collection":[{"href":"https:\/\/vagas.portalemprego.com.br\/index.php?rest_route=\/wp\/v2\/posts"}],"about":[{"href":"https:\/\/vagas.portalemprego.com.br\/index.php?rest_route=\/wp\/v2\/types\/post"}],"author":[{"embeddable":true,"href":"https:\/\/vagas.portalemprego.com.br\/index.php?rest_route=\/wp\/v2\/users\/1"}],"replies":[{"embeddable":true,"href":"https:\/\/vagas.portalemprego.com.br\/index.php?rest_route=%2Fwp%2Fv2%2Fcomments&post=1951"}],"version-history":[{"count":0,"href":"https:\/\/vagas.portalemprego.com.br\/index.php?rest_route=\/wp\/v2\/posts\/1951\/revisions"}],"wp:attachment":[{"href":"https:\/\/vagas.portalemprego.com.br\/index.php?rest_route=%2Fwp%2Fv2%2Fmedia&parent=1951"}],"wp:term":[{"taxonomy":"category","embeddable":true,"href":"https:\/\/vagas.portalemprego.com.br\/index.php?rest_route=%2Fwp%2Fv2%2Fcategories&post=1951"},{"taxonomy":"post_tag","embeddable":true,"href":"https:\/\/vagas.portalemprego.com.br\/index.php?rest_route=%2Fwp%2Fv2%2Ftags&post=1951"}],"curies":[{"name":"wp","href":"https:\/\/api.w.org\/{rel}","templated":true}]}}