{"id":1952,"date":"2026-04-29T06:29:29","date_gmt":"2026-04-29T09:29:29","guid":{"rendered":"https:\/\/vagas.portalemprego.com.br\/?p=1952"},"modified":"2026-04-29T06:29:29","modified_gmt":"2026-04-29T09:29:29","slug":"analista-de-conteudo-digital-vaga-afirmativa-tambem-para-o-publico-pcd-marketing-rio-de-janeiro","status":"publish","type":"post","link":"https:\/\/vagas.portalemprego.com.br\/?p=1952","title":{"rendered":"Analista de Conte\u00fado Digital &#8211; Vaga Afirmativa tamb\u00e9m para o p\u00fablico PCD &#8211; Marketing &#8211; Rio de Janeiro"},"content":{"rendered":"<p>Esta vaga tamb\u00e9m \u00e9 destinada a Pessoas com Defici\u00eancia (PCD). Valorizamos a diversidade e incentivamos a candidatura de profissionais de todos os perfis.<\/p>\n<p>Respons\u00e1vel pela cria\u00e7\u00e3o e gest\u00e3o de conte\u00fados para diferentes canais digitais, garantindo alinhamento com a estrat\u00e9gia da marca. Atua no planejamento, publica\u00e7\u00e3o e otimiza\u00e7\u00e3o de campanhas, acompanhando o desempenho por meio de m\u00e9tricas e indicadores. Realiza o monitoramento cont\u00ednuo dos canais, analisa resultados e prop\u00f5e melhorias para aumentar o alcance, engajamento e convers\u00e3o das a\u00e7\u00f5es digitais.<\/p>\n<p>No ManpowerGroup, a sua carreira tem um novo rumo! Se voc\u00ea est\u00e1 em busca de crescimento, desafios e um ambiente que valoriza o seu potencial, venha fazer parte do nosso time. Aqui, cada talento \u00e9 reconhecido e valorizado.<\/p>\n<p>Candidate-se agora e transforme seu futuro com a gente !<\/p>\n<p>Requisitos e qualifica\u00e7\u00f5es<br \/>\nSuperior em Marketing, M\u00eddias Sociais, Produ\u00e7\u00e3o \u00c1udio Visual ou \u00e1reas correlatas.<\/p>\n<p>Requisitos: Experi\u00eancia em cria\u00e7\u00e3o de conte\u00fado para redes sociais. Desej\u00e1vel conhecimento em m\u00fasica e cultura pop, al\u00e9m de cobertura de eventos ao vivo. Criatividade e boa comunica\u00e7\u00e3o s\u00e3o indispens\u00e1veis. Conhecimentos em aplicativos de edi\u00e7\u00e3o de v\u00eddeo e fotos ser\u00e3o um diferencial.<\/p>\n<ul>\n<li>Local de trabalho: Rio de Janeiro, RJ<\/li>\n<li>Regime de contrata\u00e7\u00e3o de tipo: Tempor\u00e1rio<\/li>\n<li>Jornada: Per\u00edodo Integral<\/li>\n<li>\u00c1rea e especializa\u00e7\u00e3o profissional: Marketing &#8211; Marketing<\/li>\n<li>N\u00edvel hier\u00e1rquico: Analista<\/li>\n<\/ul>\n<p>Escolaridade M\u00ednima: Ensino Superior<\/p>\n<ul>\n<li>Vale Refei\u00e7\u00e3o; Vale Transporte.<\/li>\n<\/ul>\n<p>Sal\u00e1rio: 4720,0<\/p>\n","protected":false},"excerpt":{"rendered":"<p>Esta vaga tamb\u00e9m \u00e9 destinada a Pessoas com Defici\u00eancia (PCD). Valorizamos a diversidade e incentivamos a candidatura de profissionais de todos os perfis. Respons\u00e1vel pela cria\u00e7\u00e3o e gest\u00e3o de conte\u00fados para diferentes canais digitais, garantindo alinhamento com a estrat\u00e9gia da marca. Atua no planejamento, publica\u00e7\u00e3o e otimiza\u00e7\u00e3o de campanhas, acompanhando o desempenho por meio de [&hellip;]<\/p>\n","protected":false},"author":1,"featured_media":0,"comment_status":"open","ping_status":"open","sticky":false,"template":"","format":"standard","meta":{"footnotes":""},"categories":[21],"tags":[],"class_list":["post-1952","post","type-post","status-publish","format-standard","hentry","category-rio-de-janeiro-rj"],"_links":{"self":[{"href":"https:\/\/vagas.portalemprego.com.br\/index.php?rest_route=\/wp\/v2\/posts\/1952","targetHints":{"allow":["GET"]}}],"collection":[{"href":"https:\/\/vagas.portalemprego.com.br\/index.php?rest_route=\/wp\/v2\/posts"}],"about":[{"href":"https:\/\/vagas.portalemprego.com.br\/index.php?rest_route=\/wp\/v2\/types\/post"}],"author":[{"embeddable":true,"href":"https:\/\/vagas.portalemprego.com.br\/index.php?rest_route=\/wp\/v2\/users\/1"}],"replies":[{"embeddable":true,"href":"https:\/\/vagas.portalemprego.com.br\/index.php?rest_route=%2Fwp%2Fv2%2Fcomments&post=1952"}],"version-history":[{"count":0,"href":"https:\/\/vagas.portalemprego.com.br\/index.php?rest_route=\/wp\/v2\/posts\/1952\/revisions"}],"wp:attachment":[{"href":"https:\/\/vagas.portalemprego.com.br\/index.php?rest_route=%2Fwp%2Fv2%2Fmedia&parent=1952"}],"wp:term":[{"taxonomy":"category","embeddable":true,"href":"https:\/\/vagas.portalemprego.com.br\/index.php?rest_route=%2Fwp%2Fv2%2Fcategories&post=1952"},{"taxonomy":"post_tag","embeddable":true,"href":"https:\/\/vagas.portalemprego.com.br\/index.php?rest_route=%2Fwp%2Fv2%2Ftags&post=1952"}],"curies":[{"name":"wp","href":"https:\/\/api.w.org\/{rel}","templated":true}]}}