{"id":1953,"date":"2026-04-29T06:29:29","date_gmt":"2026-04-29T09:29:29","guid":{"rendered":"https:\/\/vagas.portalemprego.com.br\/?p=1953"},"modified":"2026-04-29T06:29:29","modified_gmt":"2026-04-29T09:29:29","slug":"estagiario-marcenaria-arquitetura-decoracao-design-cabo-frio","status":"publish","type":"post","link":"https:\/\/vagas.portalemprego.com.br\/?p=1953","title":{"rendered":"Estagi\u00e1rio (Marcenaria) &#8211; Arquitetura, Decora\u00e7\u00e3o, Design &#8211; Cabo Frio"},"content":{"rendered":"<p>Oportunidade: Estamos em busca de um Estagi\u00e1rio para a \u00e1rea de Marcenaria em nossa sede em Cabo Frio, Rio de Janeiro.<br \/>\nFun\u00e7\u00f5es:<br \/>\nAcompanhar o desenvolvimento de projetos de marcenaria<br \/>\nAuxiliar na prepara\u00e7\u00e3o de materiais e ferramentas<br \/>\nColaborar na montagem e montagem de pe\u00e7as<br \/>\nRealizar testes e ajustes em pe\u00e7as de marcenaria<\/p>\n<p>Requisitos:<br \/>\nEstar no ensino m\u00e9dio ou profissionalizante<br \/>\nTer acima de 16 anos<br \/>\nNo\u00e7\u00f5es de medidas<br \/>\nConhecimento b\u00e1sico em ferramentas manuais e el\u00e9tricas<br \/>\nCapacidade de trabalhar em equipe<br \/>\nAtitude proativa e interesse em aprender<br \/>\ncomprometimento com hor\u00e1rio<\/p>\n<p>Benef\u00edcios:<br \/>\nBolsa auxilio no valor de R$ 700,00<br \/>\nVale transporte<br \/>\nAprendizagem pr\u00e1tica em um ambiente profissional<br \/>\nPossibilidade de desenvolvimento de habilidades t\u00e9cnicas<br \/>\nAmbiente de trabalho colaborativo e din\u00e2mico<\/p>\n<p>Esta \u00e9 uma oportunidade para quem busca crescer profissionalmente na \u00e1rea de marcenaria. Venha fazer parte de uma equipe comprometida e dedicada!<\/p>\n<ul>\n<li>Local de trabalho: Cabo Frio, RJ<\/li>\n<li>Regime de contrata\u00e7\u00e3o de tipo: Est\u00e1gio<\/li>\n<li>Jornada: Parcial manh\u00e3s<\/li>\n<li>\u00c1rea e especializa\u00e7\u00e3o profissional: Arquitetura, Decora\u00e7\u00e3o, Design &#8211; Design de Interiores \/ Decora\u00e7\u00e3o<\/li>\n<li>N\u00edvel hier\u00e1rquico: Operacional<\/li>\n<\/ul>\n<p>Escolaridade M\u00ednima: Ensino M\u00e9dio (2\u00ba Grau)<\/p>\n<p>Sal\u00e1rio: 700,0<\/p>\n","protected":false},"excerpt":{"rendered":"<p>Oportunidade: Estamos em busca de um Estagi\u00e1rio para a \u00e1rea de Marcenaria em nossa sede em Cabo Frio, Rio de Janeiro. Fun\u00e7\u00f5es: Acompanhar o desenvolvimento de projetos de marcenaria Auxiliar na prepara\u00e7\u00e3o de materiais e ferramentas Colaborar na montagem e montagem de pe\u00e7as Realizar testes e ajustes em pe\u00e7as de marcenaria Requisitos: Estar no ensino [&hellip;]<\/p>\n","protected":false},"author":1,"featured_media":0,"comment_status":"open","ping_status":"open","sticky":false,"template":"","format":"standard","meta":{"footnotes":""},"categories":[21],"tags":[],"class_list":["post-1953","post","type-post","status-publish","format-standard","hentry","category-rio-de-janeiro-rj"],"_links":{"self":[{"href":"https:\/\/vagas.portalemprego.com.br\/index.php?rest_route=\/wp\/v2\/posts\/1953","targetHints":{"allow":["GET"]}}],"collection":[{"href":"https:\/\/vagas.portalemprego.com.br\/index.php?rest_route=\/wp\/v2\/posts"}],"about":[{"href":"https:\/\/vagas.portalemprego.com.br\/index.php?rest_route=\/wp\/v2\/types\/post"}],"author":[{"embeddable":true,"href":"https:\/\/vagas.portalemprego.com.br\/index.php?rest_route=\/wp\/v2\/users\/1"}],"replies":[{"embeddable":true,"href":"https:\/\/vagas.portalemprego.com.br\/index.php?rest_route=%2Fwp%2Fv2%2Fcomments&post=1953"}],"version-history":[{"count":0,"href":"https:\/\/vagas.portalemprego.com.br\/index.php?rest_route=\/wp\/v2\/posts\/1953\/revisions"}],"wp:attachment":[{"href":"https:\/\/vagas.portalemprego.com.br\/index.php?rest_route=%2Fwp%2Fv2%2Fmedia&parent=1953"}],"wp:term":[{"taxonomy":"category","embeddable":true,"href":"https:\/\/vagas.portalemprego.com.br\/index.php?rest_route=%2Fwp%2Fv2%2Fcategories&post=1953"},{"taxonomy":"post_tag","embeddable":true,"href":"https:\/\/vagas.portalemprego.com.br\/index.php?rest_route=%2Fwp%2Fv2%2Ftags&post=1953"}],"curies":[{"name":"wp","href":"https:\/\/api.w.org\/{rel}","templated":true}]}}