{"id":1954,"date":"2026-04-29T06:29:29","date_gmt":"2026-04-29T09:29:29","guid":{"rendered":"https:\/\/vagas.portalemprego.com.br\/?p=1954"},"modified":"2026-04-29T06:29:29","modified_gmt":"2026-04-29T09:29:29","slug":"vendedor-externo-regiao-dos-lagos-rj-produtos-de-cabelo-salao-de-beleza-comercial-vendas-araruama","status":"publish","type":"post","link":"https:\/\/vagas.portalemprego.com.br\/?p=1954","title":{"rendered":"VENDEDOR EXTERNO REGI\u00c3O DOS LAGOS RJ (PRODUTOS DE CABELO\/SAL\u00c3O DE BELEZA) &#8211; Comercial, Vendas &#8211; Araruama"},"content":{"rendered":"<p>Oportunidade: Estamos em busca de um Vendedor Externo para atuar na regi\u00e3o dos Lagos no Rio de Janeiro. \u00c9 uma chance de fazer parte de uma equipe dedicada e inovadora no setor de produtos de cabelo e sal\u00e3o de beleza.<br \/>\nFun\u00e7\u00f5es:<br \/>\nGerenciar vendas de produtos de cabelo e beleza<br \/>\nVisitar a carteira de clientes para gerar relacionamento e vendas<br \/>\nAcompanhar o desenvolvimento de novos clientes<br \/>\nColaborar com a equipe de marketing para estrat\u00e9gias de promo\u00e7\u00e3o<br \/>\nRealizar visitas regulares a clientes e pontos de venda<\/p>\n<p>Requisitos:<br \/>\nExperiencia em vendas externa<br \/>\nTer CNPJ ativo (Pode ser MEI)<br \/>\nExperi\u00eancia em vendas de produtos de beleza ser\u00e1 um diferencial<br \/>\nCapacidade de se relacionar e negociar com clientes<br \/>\nVe\u00edculo\/moto pr\u00f3pria para deslocamento<\/p>\n<p>Benef\u00edcios:<br \/>\nAjuda de custo no valor de R$1600,00 mensal<br \/>\nComissionamento agressivo de 7,5% a 10% de todas as vendas<br \/>\nAmbiente de trabalho colaborativo e din\u00e2mico<\/p>\n<p>Esta \u00e9 uma oportunidade para quem busca um ambiente de trabalho que valoriza o crescimento profissional e a colabora\u00e7\u00e3o em um setor em constante evolu\u00e7\u00e3o.<\/p>\n<ul>\n<li>Local de trabalho: Araruama, RJ<\/li>\n<li>Regime de contrata\u00e7\u00e3o de tipo: Prestador de Servi\u00e7os (PJ)<\/li>\n<li>Jornada: Per\u00edodo Integral<\/li>\n<li>\u00c1rea e especializa\u00e7\u00e3o profissional: Comercial, Vendas &#8211; Venda Externa<\/li>\n<li>N\u00edvel hier\u00e1rquico: Operacional<\/li>\n<\/ul>\n<p>VALORIZADO<\/p>\n<p>Tempo de experi\u00eancia: Entre 1 e 3 anos<\/p>\n<p>Escolaridade M\u00ednima: Ensino M\u00e9dio (2\u00ba Grau)<\/p>\n<p>Habilita\u00e7\u00e3o para dirigir: B, A<\/p>\n<p>Ve\u00edculo pr\u00f3prio<\/p>\n<p>Sal\u00e1rio: 3000,0<\/p>\n","protected":false},"excerpt":{"rendered":"<p>Oportunidade: Estamos em busca de um Vendedor Externo para atuar na regi\u00e3o dos Lagos no Rio de Janeiro. \u00c9 uma chance de fazer parte de uma equipe dedicada e inovadora no setor de produtos de cabelo e sal\u00e3o de beleza. Fun\u00e7\u00f5es: Gerenciar vendas de produtos de cabelo e beleza Visitar a carteira de clientes para [&hellip;]<\/p>\n","protected":false},"author":1,"featured_media":0,"comment_status":"open","ping_status":"open","sticky":false,"template":"","format":"standard","meta":{"footnotes":""},"categories":[21],"tags":[],"class_list":["post-1954","post","type-post","status-publish","format-standard","hentry","category-rio-de-janeiro-rj"],"_links":{"self":[{"href":"https:\/\/vagas.portalemprego.com.br\/index.php?rest_route=\/wp\/v2\/posts\/1954","targetHints":{"allow":["GET"]}}],"collection":[{"href":"https:\/\/vagas.portalemprego.com.br\/index.php?rest_route=\/wp\/v2\/posts"}],"about":[{"href":"https:\/\/vagas.portalemprego.com.br\/index.php?rest_route=\/wp\/v2\/types\/post"}],"author":[{"embeddable":true,"href":"https:\/\/vagas.portalemprego.com.br\/index.php?rest_route=\/wp\/v2\/users\/1"}],"replies":[{"embeddable":true,"href":"https:\/\/vagas.portalemprego.com.br\/index.php?rest_route=%2Fwp%2Fv2%2Fcomments&post=1954"}],"version-history":[{"count":0,"href":"https:\/\/vagas.portalemprego.com.br\/index.php?rest_route=\/wp\/v2\/posts\/1954\/revisions"}],"wp:attachment":[{"href":"https:\/\/vagas.portalemprego.com.br\/index.php?rest_route=%2Fwp%2Fv2%2Fmedia&parent=1954"}],"wp:term":[{"taxonomy":"category","embeddable":true,"href":"https:\/\/vagas.portalemprego.com.br\/index.php?rest_route=%2Fwp%2Fv2%2Fcategories&post=1954"},{"taxonomy":"post_tag","embeddable":true,"href":"https:\/\/vagas.portalemprego.com.br\/index.php?rest_route=%2Fwp%2Fv2%2Ftags&post=1954"}],"curies":[{"name":"wp","href":"https:\/\/api.w.org\/{rel}","templated":true}]}}