{"id":1955,"date":"2026-04-29T06:29:29","date_gmt":"2026-04-29T09:29:29","guid":{"rendered":"https:\/\/vagas.portalemprego.com.br\/?p=1955"},"modified":"2026-04-29T06:29:29","modified_gmt":"2026-04-29T09:29:29","slug":"analista-contabil-fiscal-contabil-financas-economia-rio-de-janeiro","status":"publish","type":"post","link":"https:\/\/vagas.portalemprego.com.br\/?p=1955","title":{"rendered":"Analista Cont\u00e1bil-Fiscal &#8211; Cont\u00e1bil, Finan\u00e7as, Economia &#8211; Rio de Janeiro"},"content":{"rendered":"<p>Consultoria empresarial e cont\u00e1bil contrata para o cargo de Analista Cont\u00e1bil-Fiscal. <\/p>\n<p>Atividades:<br \/>\n&#8211; Registro de Transa\u00e7\u00f5es Cont\u00e1beis;<br \/>\n&#8211; Concilia\u00e7\u00e3o Cont\u00e1bil e apura\u00e7\u00e3o de tributos diretos e indiretos (como IRPJ, CSLL, PIS, COFINS, ICMS, ISS, IPI e reten\u00e7\u00f5es na fonte) conforme o regime tribut\u00e1rio da empresa;<br \/>\n&#8211; Conferir e escriturar documentos fiscais de entrada e sa\u00edda, como notas fiscais de produtos e servi\u00e7os, garantindo a correta classifica\u00e7\u00e3o fiscal, tributa\u00e7\u00e3o, CFOP, CST, NCM e demais informa\u00e7\u00f5es obrigat\u00f3rias;<br \/>\n&#8211; Entrega de Obriga\u00e7\u00f5es Acess\u00f3rias;<br \/>\n&#8211; Fechamento Cont\u00e1bil e Fiscal;<br \/>\n&#8211; Prepara\u00e7\u00e3o de Demonstra\u00e7\u00f5es Financeiras e Relat\u00f3rios Gerenciais;<br \/>\n&#8211; Controle de Reten\u00e7\u00f5es e Compensa\u00e7\u00f5es Tribut\u00e1rias;<br \/>\n&#8211; Outras fun\u00e7\u00f5es pertinentes. <\/p>\n<p>Hor\u00e1rio: De segunda a sexta-feira, de 08h \u00e0s 17h.<\/p>\n<p>Local: Centro, Rio de Janeiro\/RJ. <\/p>\n<p>Oferece sal\u00e1rio de R$ 3.500,00 + Vale-transporte + Vale-refei\u00e7\u00e3o (R$ 29\/dia)<\/p>\n<p>Necess\u00e1rio:<br \/>\n&#8211; Forma\u00e7\u00e3o em Ci\u00eancias Cont\u00e1beis;<br \/>\n&#8211; Experi\u00eancia com rotinas cont\u00e1beis;<br \/>\n&#8211; Conhecimento no setor Fiscal;<br \/>\n&#8211; Bons conhecimentos em Excel;<br \/>\n&#8211;  CRC ativo.<\/p>\n<ul>\n<li>Local de trabalho: Rio de Janeiro, RJ<\/li>\n<li>Regime de contrata\u00e7\u00e3o de tipo: Efetivo \u2013 CLT<\/li>\n<li>Jornada: Per\u00edodo Integral<\/li>\n<li>\u00c1rea e especializa\u00e7\u00e3o profissional: Cont\u00e1bil, Finan\u00e7as, Economia &#8211; Fiscal<\/li>\n<li>N\u00edvel hier\u00e1rquico: Analista<\/li>\n<\/ul>\n<p>Escolaridade M\u00ednima: Ensino Superior<\/p>\n<p>Forma\u00e7\u00e3o desejada:<\/p>\n<ul>\n<li>Ci\u00eancias cont\u00e1beis, Ensino Superior<\/li>\n<\/ul>\n<p>Sal\u00e1rio: 3500,0<\/p>\n","protected":false},"excerpt":{"rendered":"<p>Consultoria empresarial e cont\u00e1bil contrata para o cargo de Analista Cont\u00e1bil-Fiscal. Atividades: &#8211; Registro de Transa\u00e7\u00f5es Cont\u00e1beis; &#8211; Concilia\u00e7\u00e3o Cont\u00e1bil e apura\u00e7\u00e3o de tributos diretos e indiretos (como IRPJ, CSLL, PIS, COFINS, ICMS, ISS, IPI e reten\u00e7\u00f5es na fonte) conforme o regime tribut\u00e1rio da empresa; &#8211; Conferir e escriturar documentos fiscais de entrada e sa\u00edda, [&hellip;]<\/p>\n","protected":false},"author":1,"featured_media":0,"comment_status":"open","ping_status":"open","sticky":false,"template":"","format":"standard","meta":{"footnotes":""},"categories":[21],"tags":[],"class_list":["post-1955","post","type-post","status-publish","format-standard","hentry","category-rio-de-janeiro-rj"],"_links":{"self":[{"href":"https:\/\/vagas.portalemprego.com.br\/index.php?rest_route=\/wp\/v2\/posts\/1955","targetHints":{"allow":["GET"]}}],"collection":[{"href":"https:\/\/vagas.portalemprego.com.br\/index.php?rest_route=\/wp\/v2\/posts"}],"about":[{"href":"https:\/\/vagas.portalemprego.com.br\/index.php?rest_route=\/wp\/v2\/types\/post"}],"author":[{"embeddable":true,"href":"https:\/\/vagas.portalemprego.com.br\/index.php?rest_route=\/wp\/v2\/users\/1"}],"replies":[{"embeddable":true,"href":"https:\/\/vagas.portalemprego.com.br\/index.php?rest_route=%2Fwp%2Fv2%2Fcomments&post=1955"}],"version-history":[{"count":0,"href":"https:\/\/vagas.portalemprego.com.br\/index.php?rest_route=\/wp\/v2\/posts\/1955\/revisions"}],"wp:attachment":[{"href":"https:\/\/vagas.portalemprego.com.br\/index.php?rest_route=%2Fwp%2Fv2%2Fmedia&parent=1955"}],"wp:term":[{"taxonomy":"category","embeddable":true,"href":"https:\/\/vagas.portalemprego.com.br\/index.php?rest_route=%2Fwp%2Fv2%2Fcategories&post=1955"},{"taxonomy":"post_tag","embeddable":true,"href":"https:\/\/vagas.portalemprego.com.br\/index.php?rest_route=%2Fwp%2Fv2%2Ftags&post=1955"}],"curies":[{"name":"wp","href":"https:\/\/api.w.org\/{rel}","templated":true}]}}