{"id":1956,"date":"2026-04-29T06:29:29","date_gmt":"2026-04-29T09:29:29","guid":{"rendered":"https:\/\/vagas.portalemprego.com.br\/?p=1956"},"modified":"2026-04-29T06:29:29","modified_gmt":"2026-04-29T09:29:29","slug":"vendedor-de-loja-comercial-vendas-rio-de-janeiro","status":"publish","type":"post","link":"https:\/\/vagas.portalemprego.com.br\/?p=1956","title":{"rendered":"Vendedor de Loja &#8211; Comercial, Vendas &#8211; Rio de Janeiro"},"content":{"rendered":"<p>Vaga \u2013 Vendedora<br \/>\n ?? Local: Laranjeiras<br \/>\nLoja de cal\u00e7ados infantis busca profissional para atuar com vendas em loja de rua, oferecendo um atendimento de excel\u00eancia e contribuindo para o alcance das metas da equipe.<br \/>\nPrincipais responsabilidades:<br \/>\nRealizar atendimento ao cliente de forma consultiva e personalizada<br \/>\nApresentar produtos, tirar d\u00favidas e auxiliar na escolha<br \/>\nEfetuar vendas e trabalhar com metas individuais e coletivas<br \/>\nOrganizar a loja, reposi\u00e7\u00e3o de mercadorias e organiza\u00e7\u00e3o do estoque<br \/>\nApoiar na abertura e fechamento da loja<br \/>\nManter o ambiente limpo e organizado<br \/>\nRequisitos:<br \/>\nExperi\u00eancia com vendas, preferencialmente no varejo<br \/>\nBoa comunica\u00e7\u00e3o e abordagem ao cliente<br \/>\nPerfil proativo, din\u00e2mico e focado em metas<br \/>\nFacilidade para trabalhar em equipe<br \/>\nDisponibilidade para escala 6&#215;1<br \/>\nRemunera\u00e7\u00e3o e benef\u00edcios:<br \/>\nSal\u00e1rio fixo: R$ 1.715,00 + comiss\u00e3o<br \/>\nM\u00e9dia salarial: R$ 2.500,00<br \/>\nVale alimenta\u00e7\u00e3o aos s\u00e1bados e feriados<br \/>\nBonifica\u00e7\u00f5es por atingimento de metas<br \/>\nHor\u00e1rio de trabalho:<br \/>\nSegunda a sexta: 09h \u00e0s 17h<br \/>\nS\u00e1bado: 10h \u00e0s 18h<br \/>\nEscala 6&#215;1 (loja n\u00e3o abre aos domingos)<br \/>\nExcelente oportunidade para quem gosta de vendas e busca crescimento em um ambiente din\u00e2mico.<\/p>\n<ul>\n<li>Local de trabalho: Rio de Janeiro, RJ<\/li>\n<li>Regime de contrata\u00e7\u00e3o de tipo: Efetivo \u2013 CLT<\/li>\n<li>Jornada: Per\u00edodo Integral<\/li>\n<li>\u00c1rea e especializa\u00e7\u00e3o profissional: Comercial, Vendas &#8211; Lojas \/ Shopping<\/li>\n<li>N\u00edvel hier\u00e1rquico: Operacional<\/li>\n<\/ul>\n<p>Escolaridade M\u00ednima: Ensino M\u00e9dio (2\u00ba Grau)<\/p>\n<p>Sal\u00e1rio: 2500,0<\/p>\n","protected":false},"excerpt":{"rendered":"<p>Vaga \u2013 Vendedora ?? Local: Laranjeiras Loja de cal\u00e7ados infantis busca profissional para atuar com vendas em loja de rua, oferecendo um atendimento de excel\u00eancia e contribuindo para o alcance das metas da equipe. Principais responsabilidades: Realizar atendimento ao cliente de forma consultiva e personalizada Apresentar produtos, tirar d\u00favidas e auxiliar na escolha Efetuar vendas [&hellip;]<\/p>\n","protected":false},"author":1,"featured_media":0,"comment_status":"open","ping_status":"open","sticky":false,"template":"","format":"standard","meta":{"footnotes":""},"categories":[21],"tags":[],"class_list":["post-1956","post","type-post","status-publish","format-standard","hentry","category-rio-de-janeiro-rj"],"_links":{"self":[{"href":"https:\/\/vagas.portalemprego.com.br\/index.php?rest_route=\/wp\/v2\/posts\/1956","targetHints":{"allow":["GET"]}}],"collection":[{"href":"https:\/\/vagas.portalemprego.com.br\/index.php?rest_route=\/wp\/v2\/posts"}],"about":[{"href":"https:\/\/vagas.portalemprego.com.br\/index.php?rest_route=\/wp\/v2\/types\/post"}],"author":[{"embeddable":true,"href":"https:\/\/vagas.portalemprego.com.br\/index.php?rest_route=\/wp\/v2\/users\/1"}],"replies":[{"embeddable":true,"href":"https:\/\/vagas.portalemprego.com.br\/index.php?rest_route=%2Fwp%2Fv2%2Fcomments&post=1956"}],"version-history":[{"count":0,"href":"https:\/\/vagas.portalemprego.com.br\/index.php?rest_route=\/wp\/v2\/posts\/1956\/revisions"}],"wp:attachment":[{"href":"https:\/\/vagas.portalemprego.com.br\/index.php?rest_route=%2Fwp%2Fv2%2Fmedia&parent=1956"}],"wp:term":[{"taxonomy":"category","embeddable":true,"href":"https:\/\/vagas.portalemprego.com.br\/index.php?rest_route=%2Fwp%2Fv2%2Fcategories&post=1956"},{"taxonomy":"post_tag","embeddable":true,"href":"https:\/\/vagas.portalemprego.com.br\/index.php?rest_route=%2Fwp%2Fv2%2Ftags&post=1956"}],"curies":[{"name":"wp","href":"https:\/\/api.w.org\/{rel}","templated":true}]}}