{"id":1959,"date":"2026-04-29T06:30:30","date_gmt":"2026-04-29T09:30:30","guid":{"rendered":"https:\/\/vagas.portalemprego.com.br\/?p=1959"},"modified":"2026-04-29T06:30:30","modified_gmt":"2026-04-29T09:30:30","slug":"analista-financeiro-e-contabil-contabil-financas-economia-rio-de-janeiro","status":"publish","type":"post","link":"https:\/\/vagas.portalemprego.com.br\/?p=1959","title":{"rendered":"Analista Financeiro e Cont\u00e1bil &#8211; Cont\u00e1bil, Finan\u00e7as, Economia &#8211; Rio de Janeiro"},"content":{"rendered":"<p>Vaga: Analista Financeiro<\/p>\n<p>Local de trabalho: S\u00e3o Crist\u00f3v\u00e3o \u2013 Rio de Janeiro<br \/>\nEmpresa: Empresa do segmento de manuten\u00e7\u00e3o de elevadores<br \/>\nRegime de contrata\u00e7\u00e3o: CLT<br \/>\nHor\u00e1rio: Segunda a sexta-feira, das 7h30 \u00e0s 17h18<\/p>\n<p>Remunera\u00e7\u00e3o<br \/>\nSal\u00e1rio: R$ 3.300,00<\/p>\n<p>Benef\u00edcios<\/p>\n<p>Plano de Sa\u00fade: Amil<\/p>\n<p>Plano Odontol\u00f3gico: Amil<\/p>\n<p>Vale refei\u00e7\u00e3o: R$ 23,00 por dia<\/p>\n<p>Vale transporte<\/p>\n<p>Seguro de vida<\/p>\n<p>Requisitos<\/p>\n<p>Ensino Superior completo em Administra\u00e7\u00e3o, Economia ou Ci\u00eancias Cont\u00e1beis<\/p>\n<p>Pacote Office avan\u00e7ado, com \u00eanfase em Excel<\/p>\n<p>Experi\u00eancia m\u00ednima de 3 anos na \u00e1rea financeira, especialmente em Contas a Pagar<\/p>\n<p>Principais Atividades<\/p>\n<p>Atuar nas rotinas de Contas a Pagar, incluindo concilia\u00e7\u00f5es, gest\u00e3o de pagamentos e lan\u00e7amentos em sistema.<\/p>\n<p>Realizar an\u00e1lises de or\u00e7amento e confer\u00eancia de notas fiscais.<\/p>\n<p>Efetuar concilia\u00e7\u00e3o banc\u00e1ria.<\/p>\n<p>Apoiar no envio do movimento cont\u00e1bil.<\/p>\n<p>Organizar e controlar arquivos e documentos da \u00e1rea financeira.<\/p>\n<p>Analisar e acompanhar pagamentos e proje\u00e7\u00f5es financeiras, buscando ampliar o per\u00edodo de previsibilidade e planejamento.<\/p>\n<p>Atender ao p\u00fablico interno e fornecedores.<\/p>\n<p>Elaborar, gerar e analisar relat\u00f3rios e planilhas financeiras.<\/p>\n<p>Perfil desejado<\/p>\n<p>Boa comunica\u00e7\u00e3o interpessoal<\/p>\n<p>Organiza\u00e7\u00e3o e capacidade de reten\u00e7\u00e3o de informa\u00e7\u00f5es<\/p>\n<p>Proatividade e cumprimento de prazos<\/p>\n<p>Credibilidade ao assumir responsabilidades<\/p>\n<p>Conhecimento s\u00f3lido das rotinas de Contas a Pagar e no\u00e7\u00f5es de obriga\u00e7\u00f5es acess\u00f3rias<\/p>\n<ul>\n<li>Local de trabalho: Rio de Janeiro, RJ<\/li>\n<li>Regime de contrata\u00e7\u00e3o de tipo: Efetivo \u2013 CLT<\/li>\n<li>Jornada: Per\u00edodo Integral<\/li>\n<li>\u00c1rea e especializa\u00e7\u00e3o profissional: Cont\u00e1bil, Finan\u00e7as, Economia &#8211; Finan\u00e7as<\/li>\n<li>N\u00edvel hier\u00e1rquico: Analista<\/li>\n<\/ul>\n<p>Escolaridade M\u00ednima: Ensino Superior<\/p>\n<p>Sal\u00e1rio: 3301,0<\/p>\n","protected":false},"excerpt":{"rendered":"<p>Vaga: Analista Financeiro Local de trabalho: S\u00e3o Crist\u00f3v\u00e3o \u2013 Rio de Janeiro Empresa: Empresa do segmento de manuten\u00e7\u00e3o de elevadores Regime de contrata\u00e7\u00e3o: CLT Hor\u00e1rio: Segunda a sexta-feira, das 7h30 \u00e0s 17h18 Remunera\u00e7\u00e3o Sal\u00e1rio: R$ 3.300,00 Benef\u00edcios Plano de Sa\u00fade: Amil Plano Odontol\u00f3gico: Amil Vale refei\u00e7\u00e3o: R$ 23,00 por dia Vale transporte Seguro de vida [&hellip;]<\/p>\n","protected":false},"author":1,"featured_media":0,"comment_status":"open","ping_status":"open","sticky":false,"template":"","format":"standard","meta":{"footnotes":""},"categories":[21],"tags":[],"class_list":["post-1959","post","type-post","status-publish","format-standard","hentry","category-rio-de-janeiro-rj"],"_links":{"self":[{"href":"https:\/\/vagas.portalemprego.com.br\/index.php?rest_route=\/wp\/v2\/posts\/1959","targetHints":{"allow":["GET"]}}],"collection":[{"href":"https:\/\/vagas.portalemprego.com.br\/index.php?rest_route=\/wp\/v2\/posts"}],"about":[{"href":"https:\/\/vagas.portalemprego.com.br\/index.php?rest_route=\/wp\/v2\/types\/post"}],"author":[{"embeddable":true,"href":"https:\/\/vagas.portalemprego.com.br\/index.php?rest_route=\/wp\/v2\/users\/1"}],"replies":[{"embeddable":true,"href":"https:\/\/vagas.portalemprego.com.br\/index.php?rest_route=%2Fwp%2Fv2%2Fcomments&post=1959"}],"version-history":[{"count":0,"href":"https:\/\/vagas.portalemprego.com.br\/index.php?rest_route=\/wp\/v2\/posts\/1959\/revisions"}],"wp:attachment":[{"href":"https:\/\/vagas.portalemprego.com.br\/index.php?rest_route=%2Fwp%2Fv2%2Fmedia&parent=1959"}],"wp:term":[{"taxonomy":"category","embeddable":true,"href":"https:\/\/vagas.portalemprego.com.br\/index.php?rest_route=%2Fwp%2Fv2%2Fcategories&post=1959"},{"taxonomy":"post_tag","embeddable":true,"href":"https:\/\/vagas.portalemprego.com.br\/index.php?rest_route=%2Fwp%2Fv2%2Ftags&post=1959"}],"curies":[{"name":"wp","href":"https:\/\/api.w.org\/{rel}","templated":true}]}}