{"id":1961,"date":"2026-04-29T06:30:30","date_gmt":"2026-04-29T09:30:30","guid":{"rendered":"https:\/\/vagas.portalemprego.com.br\/?p=1961"},"modified":"2026-04-29T06:30:30","modified_gmt":"2026-04-29T09:30:30","slug":"estagiario-de-edicao-de-video-comunicacao-tv-cinema-duque-de-caxias","status":"publish","type":"post","link":"https:\/\/vagas.portalemprego.com.br\/?p=1961","title":{"rendered":"Estagi\u00e1rio de Edi\u00e7\u00e3o de V\u00eddeo &#8211; Comunica\u00e7\u00e3o, TV, Cinema &#8211; Duque de Caxias"},"content":{"rendered":"<p>Estamos em busca de um Estagi\u00e1rio de Edi\u00e7\u00e3o de V\u00eddeo criativo, organizado e proativo para apoiar na produ\u00e7\u00e3o de conte\u00fados audiovisuais para diferentes plataformas. Se voc\u00ea gosta de edi\u00e7\u00e3o, acompanha tend\u00eancias e quer desenvolver suas habilidades na pr\u00e1tica, essa oportunidade \u00e9 para voc\u00ea.<br \/>\nResponsabilidades<br \/>\nApoiar na cria\u00e7\u00e3o e edi\u00e7\u00e3o de v\u00eddeos para redes sociais, YouTube, campanhas institucionais e conte\u00fados internos<br \/>\nRealizar cortes, transi\u00e7\u00f5es, ajustes de \u00e1udio, inser\u00e7\u00e3o de legendas e corre\u00e7\u00e3o de cor<br \/>\nAuxiliar na cria\u00e7\u00e3o de motion graphics simples, vinhetas e anima\u00e7\u00f5es b\u00e1sicas<br \/>\nOrganizar arquivos brutos e editados em pastas e sistemas de armazenamento<br \/>\nParticipar de reuni\u00f5es e brainstormings para entendimento de briefings e gera\u00e7\u00e3o de ideias<br \/>\nAcompanhar tend\u00eancias de edi\u00e7\u00e3o e novas ferramentas do mercado<br \/>\nRequisitos<br \/>\nEstar cursando ensino superior ou t\u00e9cnico em Cinema, Audiovisual, Design, Publicidade, Produ\u00e7\u00e3o Multim\u00eddia ou \u00e1reas correlatas<br \/>\nConhecimento b\u00e1sico em edi\u00e7\u00e3o de v\u00eddeo<br \/>\nNo\u00e7\u00f5es de formatos e padr\u00f5es para redes sociais (Instagram, TikTok, YouTube, etc.)<br \/>\nConhecimento em ferramentas como Adobe Premiere Pro, Canva e CapCut<br \/>\nPerfil criativo, atento aos detalhes e com vontade de aprender<br \/>\nDiferenciais<br \/>\nConhecimento em After Effects, Photoshop ou Illustrator<br \/>\nExperi\u00eancia com projetos pessoais ou acad\u00eamicos de edi\u00e7\u00e3o de v\u00eddeo<br \/>\nNo\u00e7\u00f5es de storytelling e roteiriza\u00e7\u00e3o<br \/>\nInteresse por redes sociais e marketing digital<br \/>\nInforma\u00e7\u00f5es Adicionais:<br \/>\n100% Presencial<br \/>\nLocal: Vila S\u00e3o Luiz (Duque de Caxias)<br \/>\nHor\u00e1rio: \u00c0 combinar<\/p>\n<ul>\n<li>N\u00famero de vagas: 2<\/li>\n<li>Local de trabalho: Duque de Caxias, RJ<\/li>\n<li>Regime de contrata\u00e7\u00e3o de tipo: Est\u00e1gio<\/li>\n<li>Jornada: Parcial manh\u00e3s<\/li>\n<li>\u00c1rea e especializa\u00e7\u00e3o profissional: Comunica\u00e7\u00e3o, TV, Cinema &#8211; Audiovisual<\/li>\n<li>N\u00edvel hier\u00e1rquico: Estagi\u00e1rio<\/li>\n<\/ul>\n<p>HABILIDADES<\/p>\n<ul>\n<li>Comunica\u00e7\u00e3o<\/li>\n<li>Organiza\u00e7\u00e3o<\/li>\n<li>Proatividade<\/li>\n<li>Criatividade<\/li>\n<li>Marketing Digital<\/li>\n<li>P\u00f3s-produ\u00e7\u00e3o<\/li>\n<li>Adobe Photoshop<\/li>\n<li>Canva<\/li>\n<li>Adobe Premiere Pro:<\/li>\n<li>Adobe Illustrator<\/li>\n<\/ul>\n<p>Escolaridade M\u00ednima: Ensino Superior<\/p>\n<p>Forma\u00e7\u00e3o desejada:<\/p>\n<ul>\n<li>Desenho gr\u00e1fico, Ensino Superior<\/li>\n<li>Marketing, Curso T\u00e9cnico<\/li>\n<li>Marketing, Ensino Superior<\/li>\n<li>Design gr\u00e1fico, Curso T\u00e9cnico<\/li>\n<\/ul>\n<ul>\n<li>Vale Alimenta\u00e7\u00e3o<\/li>\n<li>Vale Transporte<\/li>\n<\/ul>\n<p>Sal\u00e1rio: 800,0<\/p>\n","protected":false},"excerpt":{"rendered":"<p>Estamos em busca de um Estagi\u00e1rio de Edi\u00e7\u00e3o de V\u00eddeo criativo, organizado e proativo para apoiar na produ\u00e7\u00e3o de conte\u00fados audiovisuais para diferentes plataformas. Se voc\u00ea gosta de edi\u00e7\u00e3o, acompanha tend\u00eancias e quer desenvolver suas habilidades na pr\u00e1tica, essa oportunidade \u00e9 para voc\u00ea. Responsabilidades Apoiar na cria\u00e7\u00e3o e edi\u00e7\u00e3o de v\u00eddeos para redes sociais, YouTube, [&hellip;]<\/p>\n","protected":false},"author":1,"featured_media":0,"comment_status":"open","ping_status":"open","sticky":false,"template":"","format":"standard","meta":{"footnotes":""},"categories":[21],"tags":[],"class_list":["post-1961","post","type-post","status-publish","format-standard","hentry","category-rio-de-janeiro-rj"],"_links":{"self":[{"href":"https:\/\/vagas.portalemprego.com.br\/index.php?rest_route=\/wp\/v2\/posts\/1961","targetHints":{"allow":["GET"]}}],"collection":[{"href":"https:\/\/vagas.portalemprego.com.br\/index.php?rest_route=\/wp\/v2\/posts"}],"about":[{"href":"https:\/\/vagas.portalemprego.com.br\/index.php?rest_route=\/wp\/v2\/types\/post"}],"author":[{"embeddable":true,"href":"https:\/\/vagas.portalemprego.com.br\/index.php?rest_route=\/wp\/v2\/users\/1"}],"replies":[{"embeddable":true,"href":"https:\/\/vagas.portalemprego.com.br\/index.php?rest_route=%2Fwp%2Fv2%2Fcomments&post=1961"}],"version-history":[{"count":0,"href":"https:\/\/vagas.portalemprego.com.br\/index.php?rest_route=\/wp\/v2\/posts\/1961\/revisions"}],"wp:attachment":[{"href":"https:\/\/vagas.portalemprego.com.br\/index.php?rest_route=%2Fwp%2Fv2%2Fmedia&parent=1961"}],"wp:term":[{"taxonomy":"category","embeddable":true,"href":"https:\/\/vagas.portalemprego.com.br\/index.php?rest_route=%2Fwp%2Fv2%2Fcategories&post=1961"},{"taxonomy":"post_tag","embeddable":true,"href":"https:\/\/vagas.portalemprego.com.br\/index.php?rest_route=%2Fwp%2Fv2%2Ftags&post=1961"}],"curies":[{"name":"wp","href":"https:\/\/api.w.org\/{rel}","templated":true}]}}