{"id":1962,"date":"2026-04-29T06:30:30","date_gmt":"2026-04-29T09:30:30","guid":{"rendered":"https:\/\/vagas.portalemprego.com.br\/?p=1962"},"modified":"2026-04-29T06:30:30","modified_gmt":"2026-04-29T09:30:30","slug":"estagiario-de-contabilidade-contabil-financas-economia-rio-de-janeiro","status":"publish","type":"post","link":"https:\/\/vagas.portalemprego.com.br\/?p=1962","title":{"rendered":"Estagi\u00e1rio de Contabilidade &#8211; Cont\u00e1bil, Finan\u00e7as, Economia &#8211; Rio de Janeiro"},"content":{"rendered":"<p>Quer\u00a0desenvolver\u00a0sua\u00a0carreira\u00a0na\u00a0\u00e1rea\u00a0de\u00a0Contabilidade\u00a0e\u00a0Finan\u00e7as?<br \/>\nEstamos\u00a0em\u00a0busca\u00a0de\u00a0um(a)\u00a0estagi\u00e1rio(a)\u00a0para\u00a0integrar\u00a0nossa\u00a0equipe!\u00a0Se\u00a0voc\u00ea\u00a0\u00e9\u00a0um entusiasta por\u00a0n\u00fameros,\u00a0organiza\u00e7\u00e3o\u00a0e\u00a0deseja\u00a0expandir\u00a0seus\u00a0conhecimentos\u00a0em\u00a0um\u00a0ambiente\u00a0din\u00e2mico\u00a0e\u00a0colaborativo,\u00a0essa\u00a0\u00e9\u00a0a\u00a0sua\u00a0oportunidade!<br \/>\nPrincipais\u00a0Atividades:<br \/>\nConcilia\u00e7\u00e3o\u00a0Cont\u00e1bil\u00a0e\u00a0Financeira:\u00a0Apoio\u00a0na\u00a0confer\u00eancia\u00a0de\u00a0extratos,\u00a0contas\u00a0a\u00a0pagar\u00a0e\u00a0receber,\u00a0garantindo\u00a0a\u00a0integridade\u00a0dos\u00a0saldos;<br \/>\nRotinas\u00a0de\u00a0Lan\u00e7amentos:\u00a0Aux\u00edlio\u00a0nos\u00a0lan\u00e7amentos\u00a0cont\u00e1beis\u00a0e\u00a0na\u00a0organiza\u00e7\u00e3o\u00a0criteriosa\u00a0de\u00a0documentos\u00a0e\u00a0notas\u00a0fiscais;<br \/>\nFechamento\u00a0Mensal:\u00a0Suporte\u00a0no\u00a0preparo\u00a0de\u00a0informa\u00e7\u00f5es\u00a0para\u00a0o\u00a0fechamento\u00a0cont\u00e1bil\u00a0e\u00a0elabora\u00e7\u00e3o\u00a0de\u00a0relat\u00f3rios\u00a0auxiliares;<br \/>\nAn\u00e1lise\u00a0de\u00a0Dados:\u00a0Apoio\u00a0no\u00a0monitoramento\u00a0de\u00a0indicadores\u00a0financeiros\u00a0e\u00a0registros\u00a0da\u00a0\u00e1rea;<br \/>\nOrganiza\u00e7\u00e3o\u00a0Documental:\u00a0Classifica\u00e7\u00e3o\u00a0e\u00a0arquivo\u00a0de\u00a0documentos\u00a0fiscais\u00a0e\u00a0cont\u00e1beis\u00a0conforme\u00a0as\u00a0normas\u00a0vigentes;<br \/>\nApoio\u00a0Geral:\u00a0Outras\u00a0atividades\u00a0inerentes\u00a0ao\u00a0setor\u00a0para\u00a0suporte\u00a0direto\u00a0aos\u00a0contadores\u00a0da\u00a0equipe.<br \/>\nRequisitos:<br \/>\nForma\u00e7\u00e3o:\u00a0Estar\u00a0cursando\u00a0Ci\u00eancias\u00a0Cont\u00e1beis\u00a0(preferencialmente\u00a0entre\u00a0o\u00a03\u00ba\u00a0e\u00a0o\u00a06\u00ba\u00a0per\u00edodo);<br \/>\nPerfil:\u00a0Organiza\u00e7\u00e3o\u00a0impec\u00e1vel,\u00a0aten\u00e7\u00e3o\u00a0extrema\u00a0aos\u00a0detalhes\u00a0e\u00a0proatividade;<br \/>\nHabilidades:\u00a0Conhecimento\u00a0em\u00a0Excel\u00a0(ser\u00e1\u00a0um\u00a0diferencial\u00a0se\u00a0voc\u00ea\u00a0dominar\u00a0f\u00f3rmulas\u00a0e\u00a0planilhas);<br \/>\nAtitude:\u00a0Boa\u00a0comunica\u00e7\u00e3o\u00a0para\u00a0trabalho\u00a0em\u00a0equipe,\u00a0senso\u00a0de\u00a0responsabilidade\u00a0com\u00a0prazos\u00a0e\u00a0perfil\u00a0anal\u00edtico.<br \/>\nVem\u00a0somar\u00a0no\u00a0nosso\u00a0time\u00a0e\u00a0equilibrar\u00a0sua\u00a0carreira\u00a0com\u00a0a\u00a0gente!\u00a0????<\/p>\n<ul>\n<li>Local de trabalho: Rio de Janeiro, RJ<\/li>\n<li>Regime de contrata\u00e7\u00e3o de tipo: Est\u00e1gio<\/li>\n<li>Jornada: Parcial manh\u00e3s<\/li>\n<li>\u00c1rea e especializa\u00e7\u00e3o profissional: Cont\u00e1bil, Finan\u00e7as, Economia &#8211; Contabilidade<\/li>\n<li>N\u00edvel hier\u00e1rquico: Estagi\u00e1rio<\/li>\n<\/ul>\n<p>HABILIDADES<\/p>\n<ul>\n<li>Finan\u00e7as<\/li>\n<li>Contabilidade<\/li>\n<li>Estados financeiros<\/li>\n<li>An\u00e1lise de conta<\/li>\n<li>Trabalho em equipe<\/li>\n<li>Excel<\/li>\n<li>Dinamismo<\/li>\n<li>Concilia\u00e7\u00f5es banc\u00e1rias<\/li>\n<\/ul>\n<p>Escolaridade M\u00ednima: Ensino Superior<\/p>\n<p>Sal\u00e1rio: 1000,0<\/p>\n","protected":false},"excerpt":{"rendered":"<p>Quer\u00a0desenvolver\u00a0sua\u00a0carreira\u00a0na\u00a0\u00e1rea\u00a0de\u00a0Contabilidade\u00a0e\u00a0Finan\u00e7as? Estamos\u00a0em\u00a0busca\u00a0de\u00a0um(a)\u00a0estagi\u00e1rio(a)\u00a0para\u00a0integrar\u00a0nossa\u00a0equipe!\u00a0Se\u00a0voc\u00ea\u00a0\u00e9\u00a0um entusiasta por\u00a0n\u00fameros,\u00a0organiza\u00e7\u00e3o\u00a0e\u00a0deseja\u00a0expandir\u00a0seus\u00a0conhecimentos\u00a0em\u00a0um\u00a0ambiente\u00a0din\u00e2mico\u00a0e\u00a0colaborativo,\u00a0essa\u00a0\u00e9\u00a0a\u00a0sua\u00a0oportunidade! Principais\u00a0Atividades: Concilia\u00e7\u00e3o\u00a0Cont\u00e1bil\u00a0e\u00a0Financeira:\u00a0Apoio\u00a0na\u00a0confer\u00eancia\u00a0de\u00a0extratos,\u00a0contas\u00a0a\u00a0pagar\u00a0e\u00a0receber,\u00a0garantindo\u00a0a\u00a0integridade\u00a0dos\u00a0saldos; Rotinas\u00a0de\u00a0Lan\u00e7amentos:\u00a0Aux\u00edlio\u00a0nos\u00a0lan\u00e7amentos\u00a0cont\u00e1beis\u00a0e\u00a0na\u00a0organiza\u00e7\u00e3o\u00a0criteriosa\u00a0de\u00a0documentos\u00a0e\u00a0notas\u00a0fiscais; Fechamento\u00a0Mensal:\u00a0Suporte\u00a0no\u00a0preparo\u00a0de\u00a0informa\u00e7\u00f5es\u00a0para\u00a0o\u00a0fechamento\u00a0cont\u00e1bil\u00a0e\u00a0elabora\u00e7\u00e3o\u00a0de\u00a0relat\u00f3rios\u00a0auxiliares; An\u00e1lise\u00a0de\u00a0Dados:\u00a0Apoio\u00a0no\u00a0monitoramento\u00a0de\u00a0indicadores\u00a0financeiros\u00a0e\u00a0registros\u00a0da\u00a0\u00e1rea; Organiza\u00e7\u00e3o\u00a0Documental:\u00a0Classifica\u00e7\u00e3o\u00a0e\u00a0arquivo\u00a0de\u00a0documentos\u00a0fiscais\u00a0e\u00a0cont\u00e1beis\u00a0conforme\u00a0as\u00a0normas\u00a0vigentes; Apoio\u00a0Geral:\u00a0Outras\u00a0atividades\u00a0inerentes\u00a0ao\u00a0setor\u00a0para\u00a0suporte\u00a0direto\u00a0aos\u00a0contadores\u00a0da\u00a0equipe. Requisitos: Forma\u00e7\u00e3o:\u00a0Estar\u00a0cursando\u00a0Ci\u00eancias\u00a0Cont\u00e1beis\u00a0(preferencialmente\u00a0entre\u00a0o\u00a03\u00ba\u00a0e\u00a0o\u00a06\u00ba\u00a0per\u00edodo); Perfil:\u00a0Organiza\u00e7\u00e3o\u00a0impec\u00e1vel,\u00a0aten\u00e7\u00e3o\u00a0extrema\u00a0aos\u00a0detalhes\u00a0e\u00a0proatividade; Habilidades:\u00a0Conhecimento\u00a0em\u00a0Excel\u00a0(ser\u00e1\u00a0um\u00a0diferencial\u00a0se\u00a0voc\u00ea\u00a0dominar\u00a0f\u00f3rmulas\u00a0e\u00a0planilhas); Atitude:\u00a0Boa\u00a0comunica\u00e7\u00e3o\u00a0para\u00a0trabalho\u00a0em\u00a0equipe,\u00a0senso\u00a0de\u00a0responsabilidade\u00a0com\u00a0prazos\u00a0e\u00a0perfil\u00a0anal\u00edtico. Vem\u00a0somar\u00a0no\u00a0nosso\u00a0time\u00a0e\u00a0equilibrar\u00a0sua\u00a0carreira\u00a0com\u00a0a\u00a0gente!\u00a0???? Local de trabalho: Rio de Janeiro, RJ Regime de contrata\u00e7\u00e3o de tipo: Est\u00e1gio Jornada: Parcial manh\u00e3s \u00c1rea e especializa\u00e7\u00e3o profissional: Cont\u00e1bil, Finan\u00e7as, Economia &#8211; Contabilidade N\u00edvel hier\u00e1rquico: Estagi\u00e1rio HABILIDADES Finan\u00e7as Contabilidade Estados financeiros An\u00e1lise de conta Trabalho em [&hellip;]<\/p>\n","protected":false},"author":1,"featured_media":0,"comment_status":"open","ping_status":"open","sticky":false,"template":"","format":"standard","meta":{"footnotes":""},"categories":[21],"tags":[],"class_list":["post-1962","post","type-post","status-publish","format-standard","hentry","category-rio-de-janeiro-rj"],"_links":{"self":[{"href":"https:\/\/vagas.portalemprego.com.br\/index.php?rest_route=\/wp\/v2\/posts\/1962","targetHints":{"allow":["GET"]}}],"collection":[{"href":"https:\/\/vagas.portalemprego.com.br\/index.php?rest_route=\/wp\/v2\/posts"}],"about":[{"href":"https:\/\/vagas.portalemprego.com.br\/index.php?rest_route=\/wp\/v2\/types\/post"}],"author":[{"embeddable":true,"href":"https:\/\/vagas.portalemprego.com.br\/index.php?rest_route=\/wp\/v2\/users\/1"}],"replies":[{"embeddable":true,"href":"https:\/\/vagas.portalemprego.com.br\/index.php?rest_route=%2Fwp%2Fv2%2Fcomments&post=1962"}],"version-history":[{"count":0,"href":"https:\/\/vagas.portalemprego.com.br\/index.php?rest_route=\/wp\/v2\/posts\/1962\/revisions"}],"wp:attachment":[{"href":"https:\/\/vagas.portalemprego.com.br\/index.php?rest_route=%2Fwp%2Fv2%2Fmedia&parent=1962"}],"wp:term":[{"taxonomy":"category","embeddable":true,"href":"https:\/\/vagas.portalemprego.com.br\/index.php?rest_route=%2Fwp%2Fv2%2Fcategories&post=1962"},{"taxonomy":"post_tag","embeddable":true,"href":"https:\/\/vagas.portalemprego.com.br\/index.php?rest_route=%2Fwp%2Fv2%2Ftags&post=1962"}],"curies":[{"name":"wp","href":"https:\/\/api.w.org\/{rel}","templated":true}]}}