{"id":1963,"date":"2026-04-29T06:30:30","date_gmt":"2026-04-29T09:30:30","guid":{"rendered":"https:\/\/vagas.portalemprego.com.br\/?p=1963"},"modified":"2026-04-29T06:30:30","modified_gmt":"2026-04-29T09:30:30","slug":"oficial-de-eletricista-i-rio-de-janeiro-rj-construcao-manutencao-rio-de-janeiro","status":"publish","type":"post","link":"https:\/\/vagas.portalemprego.com.br\/?p=1963","title":{"rendered":"OFICIAL DE ELETRICISTA I &#8211; RIO DE JANEIRO\/RJ &#8211; Constru\u00e7\u00e3o, Manuten\u00e7\u00e3o &#8211; Rio de Janeiro"},"content":{"rendered":"<p>POSSUIR CERTIFICADO DE EL\u00c9TRICA (160H).<br \/>\nPOSSUIR EXPERI\u00caNCIA PR\u00c9VIA NA MANUTEN\u00c7\u00c3O EL\u00c9TRICA PREDIAL.<br \/>\nPOSSUIR F\u00c1CIL ACESSO AT\u00c9 O CENTRO DO RIO DE JANEIRO (METR\u00d4 CARIOCA).<br \/>\nPOSSUIR DISPONIBILIDADE PARA TRABALHO NA ESCALA 12X36 DAS 19:00 \u00c0S 07:00.<br \/>\nATIVIDADES:<br \/>\nExecutar servi\u00e7os de manuten\u00e7\u00e3o preventiva e corretiva de INSTALA\u00c7\u00d5ES, inspecionando sistemas el\u00e9tricos, efetuando a troca de l\u00e2mpadas, lumin\u00e1rias e reatores, verificando o estado de interruptores, tomadas e condutores, passando cabos por conduletes, instalando eletrocalhas, eletrodutos e dutos subterr\u00e2neos e realizando outras tarefas, visando o atendimento \u00e0s necessidades do Contrato;<\/p>\n<ul>\n<li>Local de trabalho: Rio de Janeiro, RJ<\/li>\n<li>Regime de contrata\u00e7\u00e3o de tipo: Efetivo \u2013 CLT<\/li>\n<li>Jornada: Per\u00edodo Integral<\/li>\n<li>\u00c1rea e especializa\u00e7\u00e3o profissional: Constru\u00e7\u00e3o, Manuten\u00e7\u00e3o &#8211; Manuten\u00e7\u00e3o El\u00e9trica<\/li>\n<li>N\u00edvel hier\u00e1rquico: Operacional<\/li>\n<\/ul>\n<p>VALORIZADO<\/p>\n<p>Tempo de experi\u00eancia: Entre 1 e 3 anos<\/p>\n<p>Escolaridade M\u00ednima: Ensino M\u00e9dio (2\u00ba Grau)<\/p>\n<ul>\n<li>VALE TRANSPORTE<\/li>\n<li>VALE ALIMENTA\u00c7\u00c3O OU REFEI\u00c7\u00c3O<\/li>\n<li>CONVENIO MEDICO<\/li>\n<li>CONVENIO ODONTOLOGICO<\/li>\n<li>WELHUB<\/li>\n<li>SEGURO DE VIDA<\/li>\n<li>PLANO DE CARREIRA<\/li>\n<\/ul>\n<p>Sal\u00e1rio: 2511,99<\/p>\n","protected":false},"excerpt":{"rendered":"<p>POSSUIR CERTIFICADO DE EL\u00c9TRICA (160H). POSSUIR EXPERI\u00caNCIA PR\u00c9VIA NA MANUTEN\u00c7\u00c3O EL\u00c9TRICA PREDIAL. POSSUIR F\u00c1CIL ACESSO AT\u00c9 O CENTRO DO RIO DE JANEIRO (METR\u00d4 CARIOCA). POSSUIR DISPONIBILIDADE PARA TRABALHO NA ESCALA 12X36 DAS 19:00 \u00c0S 07:00. ATIVIDADES: Executar servi\u00e7os de manuten\u00e7\u00e3o preventiva e corretiva de INSTALA\u00c7\u00d5ES, inspecionando sistemas el\u00e9tricos, efetuando a troca de l\u00e2mpadas, lumin\u00e1rias e [&hellip;]<\/p>\n","protected":false},"author":1,"featured_media":0,"comment_status":"open","ping_status":"open","sticky":false,"template":"","format":"standard","meta":{"footnotes":""},"categories":[21],"tags":[],"class_list":["post-1963","post","type-post","status-publish","format-standard","hentry","category-rio-de-janeiro-rj"],"_links":{"self":[{"href":"https:\/\/vagas.portalemprego.com.br\/index.php?rest_route=\/wp\/v2\/posts\/1963","targetHints":{"allow":["GET"]}}],"collection":[{"href":"https:\/\/vagas.portalemprego.com.br\/index.php?rest_route=\/wp\/v2\/posts"}],"about":[{"href":"https:\/\/vagas.portalemprego.com.br\/index.php?rest_route=\/wp\/v2\/types\/post"}],"author":[{"embeddable":true,"href":"https:\/\/vagas.portalemprego.com.br\/index.php?rest_route=\/wp\/v2\/users\/1"}],"replies":[{"embeddable":true,"href":"https:\/\/vagas.portalemprego.com.br\/index.php?rest_route=%2Fwp%2Fv2%2Fcomments&post=1963"}],"version-history":[{"count":0,"href":"https:\/\/vagas.portalemprego.com.br\/index.php?rest_route=\/wp\/v2\/posts\/1963\/revisions"}],"wp:attachment":[{"href":"https:\/\/vagas.portalemprego.com.br\/index.php?rest_route=%2Fwp%2Fv2%2Fmedia&parent=1963"}],"wp:term":[{"taxonomy":"category","embeddable":true,"href":"https:\/\/vagas.portalemprego.com.br\/index.php?rest_route=%2Fwp%2Fv2%2Fcategories&post=1963"},{"taxonomy":"post_tag","embeddable":true,"href":"https:\/\/vagas.portalemprego.com.br\/index.php?rest_route=%2Fwp%2Fv2%2Ftags&post=1963"}],"curies":[{"name":"wp","href":"https:\/\/api.w.org\/{rel}","templated":true}]}}