{"id":1966,"date":"2026-04-29T06:30:30","date_gmt":"2026-04-29T09:30:30","guid":{"rendered":"https:\/\/vagas.portalemprego.com.br\/?p=1966"},"modified":"2026-04-29T06:30:30","modified_gmt":"2026-04-29T09:30:30","slug":"jardineiro-servicos-gerais-teresopolis","status":"publish","type":"post","link":"https:\/\/vagas.portalemprego.com.br\/?p=1966","title":{"rendered":"Jardineiro &#8211; Servi\u00e7os Gerais &#8211; Teres\u00f3polis"},"content":{"rendered":"<p>Oportunidade: Estamos em busca de um Jardineiro<br \/>\nFun\u00e7\u00f5es:<br \/>\nGerenciar a manuten\u00e7\u00e3o de jardins e \u00e1reas verdes<br \/>\nCoordenar atividades de plantio e poda<br \/>\nAcompanhar a sa\u00fade das plantas e a qualidade do solo<br \/>\nColaborar com outros profissionais na execu\u00e7\u00e3o de projetos paisag\u00edsticos<\/p>\n<p>Requisitos:<br \/>\nExperi\u00eancia em jardinagem e paisagismo<br \/>\nConhecimento em t\u00e9cnicas de cultivo e manejo de plantas<br \/>\nCapacidade de trabalhar em equipe e gerenciar tarefas<\/p>\n<p>Benef\u00edcios:<br \/>\nOferecemos um ambiente de trabalho agrad\u00e1vel e din\u00e2mico<br \/>\nrefei\u00e7\u00e3o no local<br \/>\nA oportunidade de trabalhar em um projeto sustent\u00e1vel e impactante<\/p>\n<p>Esta \u00e9 uma chance de se juntar a uma equipe dedicada e fazer parte de um projeto que valoriza o meio ambiente e a comunidade local.<\/p>\n<ul>\n<li>Local de trabalho: Teres\u00f3polis, RJ<\/li>\n<li>Regime de contrata\u00e7\u00e3o de tipo: Efetivo \u2013 CLT<\/li>\n<li>Jornada: Per\u00edodo Integral<\/li>\n<li>\u00c1rea e especializa\u00e7\u00e3o profissional: Servi\u00e7os Gerais &#8211; Jardinagem<\/li>\n<li>N\u00edvel hier\u00e1rquico: Operacional<\/li>\n<\/ul>\n<p>VALORIZADO<\/p>\n<p>Tempo de experi\u00eancia: Entre 1 e 3 anos<\/p>\n<p>Escolaridade M\u00ednima: Ensino M\u00e9dio (2\u00ba Grau)<\/p>\n<p>Sal\u00e1rio: 1800,0<\/p>\n","protected":false},"excerpt":{"rendered":"<p>Oportunidade: Estamos em busca de um Jardineiro Fun\u00e7\u00f5es: Gerenciar a manuten\u00e7\u00e3o de jardins e \u00e1reas verdes Coordenar atividades de plantio e poda Acompanhar a sa\u00fade das plantas e a qualidade do solo Colaborar com outros profissionais na execu\u00e7\u00e3o de projetos paisag\u00edsticos Requisitos: Experi\u00eancia em jardinagem e paisagismo Conhecimento em t\u00e9cnicas de cultivo e manejo de [&hellip;]<\/p>\n","protected":false},"author":1,"featured_media":0,"comment_status":"open","ping_status":"open","sticky":false,"template":"","format":"standard","meta":{"footnotes":""},"categories":[21],"tags":[],"class_list":["post-1966","post","type-post","status-publish","format-standard","hentry","category-rio-de-janeiro-rj"],"_links":{"self":[{"href":"https:\/\/vagas.portalemprego.com.br\/index.php?rest_route=\/wp\/v2\/posts\/1966","targetHints":{"allow":["GET"]}}],"collection":[{"href":"https:\/\/vagas.portalemprego.com.br\/index.php?rest_route=\/wp\/v2\/posts"}],"about":[{"href":"https:\/\/vagas.portalemprego.com.br\/index.php?rest_route=\/wp\/v2\/types\/post"}],"author":[{"embeddable":true,"href":"https:\/\/vagas.portalemprego.com.br\/index.php?rest_route=\/wp\/v2\/users\/1"}],"replies":[{"embeddable":true,"href":"https:\/\/vagas.portalemprego.com.br\/index.php?rest_route=%2Fwp%2Fv2%2Fcomments&post=1966"}],"version-history":[{"count":0,"href":"https:\/\/vagas.portalemprego.com.br\/index.php?rest_route=\/wp\/v2\/posts\/1966\/revisions"}],"wp:attachment":[{"href":"https:\/\/vagas.portalemprego.com.br\/index.php?rest_route=%2Fwp%2Fv2%2Fmedia&parent=1966"}],"wp:term":[{"taxonomy":"category","embeddable":true,"href":"https:\/\/vagas.portalemprego.com.br\/index.php?rest_route=%2Fwp%2Fv2%2Fcategories&post=1966"},{"taxonomy":"post_tag","embeddable":true,"href":"https:\/\/vagas.portalemprego.com.br\/index.php?rest_route=%2Fwp%2Fv2%2Ftags&post=1966"}],"curies":[{"name":"wp","href":"https:\/\/api.w.org\/{rel}","templated":true}]}}