{"id":1968,"date":"2026-04-29T06:30:30","date_gmt":"2026-04-29T09:30:30","guid":{"rendered":"https:\/\/vagas.portalemprego.com.br\/?p=1968"},"modified":"2026-04-29T06:30:30","modified_gmt":"2026-04-29T09:30:30","slug":"jovem-aprendiz-design-comunicacao-tv-cinema-rio-de-janeiro","status":"publish","type":"post","link":"https:\/\/vagas.portalemprego.com.br\/?p=1968","title":{"rendered":"Jovem Aprendiz  &#8211; Design &#8211; Comunica\u00e7\u00e3o, TV, Cinema &#8211; Rio de Janeiro"},"content":{"rendered":"<p>Se voc\u00ea est\u00e1 em busca da sua primeira oportunidade profissional e quer iniciar sua carreira em um ambiente organizado, acolhedor e com oportunidade de aprendizado, essa vaga \u00e9 para voc\u00ea.<br \/>\nA Vigban est\u00e1 com oportunidade para Jovem Aprendiz na \u00e1rea de Comunica\u00e7\u00e3o, ideal para quem deseja desenvolver habilidades e crescer profissionalmente.<br \/>\nLocal: Rio Comprido \u2013 RJ<br \/>\n Carga hor\u00e1ria: 4h por dia (manh\u00e3 ou tarde) + curso 1x na semana<br \/>\n Bolsa: R$ 761,55<br \/>\n Benef\u00edcio: Vale Transporte<br \/>\nAtividades:<br \/>\nApoio nas rotinas da \u00e1rea de comunica\u00e7\u00e3o interna e institucional;<br \/>\nAux\u00edlio na cria\u00e7\u00e3o e revis\u00e3o de comunicados e e-mails;<br \/>\nSuporte em campanhas internas e a\u00e7\u00f5es de engajamento;<br \/>\nAtualiza\u00e7\u00e3o de conte\u00fados em canais internos;<br \/>\nOrganiza\u00e7\u00e3o de arquivos e materiais;<br \/>\nApoio em pesquisas e demandas administrativas da \u00e1rea.<br \/>\nRequisitos:<br \/>\nEnsino M\u00e9dio completo;<br \/>\nDisponibilidade de hor\u00e1rio;<br \/>\nConhecimentos b\u00e1sicos em inform\u00e1tica e Pacote Office;<br \/>\nInteresse na \u00e1rea de Comunica\u00e7\u00e3o;<br \/>\nDiferencial: no\u00e7\u00f5es de redes sociais, design ou Canva;<br \/>\nN\u00e3o \u00e9 necess\u00e1rio experi\u00eancia.<br \/>\nPerfil:<br \/>\nBoa comunica\u00e7\u00e3o verbal e escrita;<br \/>\nOrganiza\u00e7\u00e3o e aten\u00e7\u00e3o aos detalhes;<br \/>\nProatividade e iniciativa;<br \/>\nFacilidade para trabalho em equipe;<br \/>\nBoa rela\u00e7\u00e3o interpessoal.<\/p>\n<ul>\n<li>N\u00famero de vagas: 2<\/li>\n<li>Local de trabalho: Rio de Janeiro, RJ<\/li>\n<li>Regime de contrata\u00e7\u00e3o de tipo: Jovem Aprendiz<\/li>\n<li>Jornada: Parcial manh\u00e3s<\/li>\n<li>\u00c1rea e especializa\u00e7\u00e3o profissional: Comunica\u00e7\u00e3o, TV, Cinema &#8211; Publicidade e Propaganda<\/li>\n<li>N\u00edvel hier\u00e1rquico: Assistente<\/li>\n<\/ul>\n<p>VALORIZADO<\/p>\n<p>Tempo de experi\u00eancia: Sem experi\u00eancia<\/p>\n<p>HABILIDADES<\/p>\n<ul>\n<li>Comunica\u00e7\u00e3o<\/li>\n<li>Fotografia<\/li>\n<li>Dinamismo<\/li>\n<li>Trabalho em equipe<\/li>\n<li>Publicidade<\/li>\n<li>Boa comunica\u00e7\u00e3o<\/li>\n<li>Adaptabilidade<\/li>\n<li>Organiza\u00e7\u00e3o<\/li>\n<li>Assertividade<\/li>\n<li>Design<\/li>\n<li>Aten\u00e7\u00e3o aos detalhes<\/li>\n<li>Iniciativa<\/li>\n<li>Proatividade<\/li>\n<li>Empatia<\/li>\n<\/ul>\n<p>Escolaridade M\u00ednima: Ensino M\u00e9dio (2\u00ba Grau)<\/p>\n<p>Forma\u00e7\u00e3o desejada:<\/p>\n<ul>\n<li>Ensino M\u00e9dio (2\u00ba Grau)<\/li>\n<\/ul>\n<ul>\n<li>Vale Transporte<\/li>\n<\/ul>\n<p>Sal\u00e1rio: 761,55<\/p>\n","protected":false},"excerpt":{"rendered":"<p>Se voc\u00ea est\u00e1 em busca da sua primeira oportunidade profissional e quer iniciar sua carreira em um ambiente organizado, acolhedor e com oportunidade de aprendizado, essa vaga \u00e9 para voc\u00ea. A Vigban est\u00e1 com oportunidade para Jovem Aprendiz na \u00e1rea de Comunica\u00e7\u00e3o, ideal para quem deseja desenvolver habilidades e crescer profissionalmente. Local: Rio Comprido \u2013 [&hellip;]<\/p>\n","protected":false},"author":1,"featured_media":0,"comment_status":"open","ping_status":"open","sticky":false,"template":"","format":"standard","meta":{"footnotes":""},"categories":[21],"tags":[],"class_list":["post-1968","post","type-post","status-publish","format-standard","hentry","category-rio-de-janeiro-rj"],"_links":{"self":[{"href":"https:\/\/vagas.portalemprego.com.br\/index.php?rest_route=\/wp\/v2\/posts\/1968","targetHints":{"allow":["GET"]}}],"collection":[{"href":"https:\/\/vagas.portalemprego.com.br\/index.php?rest_route=\/wp\/v2\/posts"}],"about":[{"href":"https:\/\/vagas.portalemprego.com.br\/index.php?rest_route=\/wp\/v2\/types\/post"}],"author":[{"embeddable":true,"href":"https:\/\/vagas.portalemprego.com.br\/index.php?rest_route=\/wp\/v2\/users\/1"}],"replies":[{"embeddable":true,"href":"https:\/\/vagas.portalemprego.com.br\/index.php?rest_route=%2Fwp%2Fv2%2Fcomments&post=1968"}],"version-history":[{"count":0,"href":"https:\/\/vagas.portalemprego.com.br\/index.php?rest_route=\/wp\/v2\/posts\/1968\/revisions"}],"wp:attachment":[{"href":"https:\/\/vagas.portalemprego.com.br\/index.php?rest_route=%2Fwp%2Fv2%2Fmedia&parent=1968"}],"wp:term":[{"taxonomy":"category","embeddable":true,"href":"https:\/\/vagas.portalemprego.com.br\/index.php?rest_route=%2Fwp%2Fv2%2Fcategories&post=1968"},{"taxonomy":"post_tag","embeddable":true,"href":"https:\/\/vagas.portalemprego.com.br\/index.php?rest_route=%2Fwp%2Fv2%2Ftags&post=1968"}],"curies":[{"name":"wp","href":"https:\/\/api.w.org\/{rel}","templated":true}]}}