{"id":1969,"date":"2026-04-29T06:30:30","date_gmt":"2026-04-29T09:30:30","guid":{"rendered":"https:\/\/vagas.portalemprego.com.br\/?p=1969"},"modified":"2026-04-29T06:30:30","modified_gmt":"2026-04-29T09:30:30","slug":"gerente-de-loja-niteroi-rj-comercial-vendas-niteroi","status":"publish","type":"post","link":"https:\/\/vagas.portalemprego.com.br\/?p=1969","title":{"rendered":"Gerente de Loja &#8211; Niter\u00f3i (RJ) &#8211; Comercial, Vendas &#8211; Niter\u00f3i"},"content":{"rendered":"<p>Voc\u00ea\u00a0\u00e9\u00a0apaixonado(a)\u00a0por\u00a0moda,\u00a0tend\u00eancias\u00a0e\u00a0pessoas?\u00a0Possui\u00a0perfil\u00a0de\u00a0lideran\u00e7a,\u00a0gosta\u00a0de\u00a0desafios\u00a0e\u00a0busca\u00a0crescimento\u00a0profissional?\u00a0Ent\u00e3o\u00a0essa\u00a0oportunidade\u00a0pode\u00a0ser\u00a0para\u00a0voc\u00ea.<br \/>\nSomos\u00a0uma\u00a0das\u00a0maiores\u00a0e\u00a0mais\u00a0reconhecidas\u00a0marcas\u00a0de\u00a0moda\u00a0do\u00a0Brasil,\u00a0e\u00a0buscamos\u00a0um(a)\u00a0Gerente\u00a0de\u00a0Loja\u00a0para\u00a0liderar\u00a0uma\u00a0equipe\u00a0de\u00a0alta\u00a0performance,\u00a0construindo\u00a0resultados\u00a0consistentes\u00a0e\u00a0experi\u00eancias\u00a0memor\u00e1veis\u00a0para\u00a0nossos\u00a0clientes.<br \/>\nO\u00a0que\u00a0buscamos\u00a0em\u00a0voc\u00ea:<br \/>\nPerfil\u00a0proativo,\u00a0com\u00a0vis\u00e3o\u00a0de\u00a0dono\u00a0e\u00a0forte\u00a0orienta\u00e7\u00e3o\u00a0para\u00a0resultados;<br \/>\nCapacidade\u00a0de\u00a0liderar,\u00a0engajar,\u00a0desenvolver\u00a0e\u00a0reter\u00a0talentos;<br \/>\nInteresse\u00a0genu\u00edno\u00a0por\u00a0moda,\u00a0estilo\u00a0e\u00a0comportamento\u00a0do\u00a0consumidor;<br \/>\nEnergia,\u00a0resili\u00eancia\u00a0e\u00a0postura\u00a0pr\u00e1tica\u00a0no\u00a0dia\u00a0a\u00a0dia\u00a0da\u00a0opera\u00e7\u00e3o.<br \/>\nPrincipais\u00a0responsabilidades:<br \/>\nGerenciar,\u00a0motivar\u00a0e\u00a0desenvolver\u00a0a\u00a0equipe\u00a0de\u00a0vendas;<br \/>\nGarantir\u00a0excel\u00eancia\u00a0no\u00a0atendimento\u00a0e\u00a0fortalecimento\u00a0da\u00a0fideliza\u00e7\u00e3o;<br \/>\nAcompanhar\u00a0indicadores\u00a0de\u00a0desempenho\u00a0e\u00a0metas\u00a0da\u00a0loja;<br \/>\nControlar\u00a0estoque,\u00a0organiza\u00e7\u00e3o\u00a0e\u00a0processos\u00a0administrativos;<br \/>\nAcompanhar\u00a0vendas\u00a0digitais\u00a0e\u00a0assegurar\u00a0a\u00a0execu\u00e7\u00e3o\u00a0das\u00a0estrat\u00e9gias\u00a0de\u00a0Visual\u00a0Merchandising\u00a0(VM);<br \/>\nGarantir\u00a0a\u00a0correta\u00a0execu\u00e7\u00e3o\u00a0de\u00a0campanhas\u00a0e\u00a0a\u00e7\u00f5es\u00a0no\u00a0ponto\u00a0de\u00a0venda.<br \/>\nPr\u00e9-requisitos:<br \/>\nExperi\u00eancia\u00a0comprovada\u00a0como\u00a0Gerente\u00a0de\u00a0Loja,\u00a0preferencialmente\u00a0no\u00a0segmento\u00a0de\u00a0moda;<br \/>\nConhecimento\u00a0em\u00a0Visual\u00a0Merchandising\u00a0(VM);<br \/>\nDisponibilidade\u00a0de\u00a0hor\u00e1rio;<br \/>\nViv\u00eancia\u00a0com\u00a0gest\u00e3o\u00a0de\u00a0equipes\u00a0e\u00a0foco\u00a0em\u00a0resultados.<br \/>\nPor\u00a0que\u00a0se\u00a0candidatar?\u00a0Fazemos\u00a0parte\u00a0de\u00a0um\u00a0segmento\u00a0que\u00a0valoriza\u00a0a\u00a0diversidade,\u00a0investe\u00a0no\u00a0desenvolvimento\u00a0profissional\u00a0e\u00a0reconhece\u00a0o\u00a0potencial\u00a0de\u00a0cada\u00a0pessoa.\u00a0Oferecemos\u00a0um\u00a0ambiente\u00a0colaborativo,\u00a0desafiador\u00a0e\u00a0com\u00a0reais\u00a0oportunidades\u00a0de\u00a0crescimento.<br \/>\nSe\u00a0voc\u00ea\u00a0busca\u00a0uma\u00a0carreira\u00a0s\u00f3lida,\u00a0com\u00a0autonomia,\u00a0desenvolvimento\u00a0e\u00a0protagonismo,\u00a0candidate-se\u00a0e\u00a0venha\u00a0construir\u00a0sua\u00a0trajet\u00f3ria\u00a0conosco!<\/p>\n<ul>\n<li>Local de trabalho: Niter\u00f3i, RJ<\/li>\n<li>Regime de contrata\u00e7\u00e3o de tipo: Efetivo \u2013 CLT<\/li>\n<li>Jornada: Per\u00edodo Integral<\/li>\n<li>\u00c1rea e especializa\u00e7\u00e3o profissional: Comercial, Vendas &#8211; Lojas \/ Shopping<\/li>\n<li>N\u00edvel hier\u00e1rquico: Gerente<\/li>\n<\/ul>\n<p>HABILIDADES<\/p>\n<ul>\n<li>Automotiva\u00e7\u00e3o<\/li>\n<li>Comunica\u00e7\u00e3o Oral<\/li>\n<li>Trabalho em Equipe<\/li>\n<li>Organiza\u00e7\u00e3o<\/li>\n<li>Orienta\u00e7\u00e3o ao Resultado<\/li>\n<li>Lideran\u00e7a<\/li>\n<\/ul>\n<p>Escolaridade M\u00ednima: Ensino Superior<\/p>\n<ul>\n<li>Desconto nas marcas<\/li>\n<li>Conv\u00eanio Sesc<\/li>\n<li>Conv\u00eanio com faculdade<\/li>\n<li>Total Pass<\/li>\n<li>Vale Transporte<\/li>\n<\/ul>\n","protected":false},"excerpt":{"rendered":"<p>Voc\u00ea\u00a0\u00e9\u00a0apaixonado(a)\u00a0por\u00a0moda,\u00a0tend\u00eancias\u00a0e\u00a0pessoas?\u00a0Possui\u00a0perfil\u00a0de\u00a0lideran\u00e7a,\u00a0gosta\u00a0de\u00a0desafios\u00a0e\u00a0busca\u00a0crescimento\u00a0profissional?\u00a0Ent\u00e3o\u00a0essa\u00a0oportunidade\u00a0pode\u00a0ser\u00a0para\u00a0voc\u00ea. Somos\u00a0uma\u00a0das\u00a0maiores\u00a0e\u00a0mais\u00a0reconhecidas\u00a0marcas\u00a0de\u00a0moda\u00a0do\u00a0Brasil,\u00a0e\u00a0buscamos\u00a0um(a)\u00a0Gerente\u00a0de\u00a0Loja\u00a0para\u00a0liderar\u00a0uma\u00a0equipe\u00a0de\u00a0alta\u00a0performance,\u00a0construindo\u00a0resultados\u00a0consistentes\u00a0e\u00a0experi\u00eancias\u00a0memor\u00e1veis\u00a0para\u00a0nossos\u00a0clientes. O\u00a0que\u00a0buscamos\u00a0em\u00a0voc\u00ea: Perfil\u00a0proativo,\u00a0com\u00a0vis\u00e3o\u00a0de\u00a0dono\u00a0e\u00a0forte\u00a0orienta\u00e7\u00e3o\u00a0para\u00a0resultados; Capacidade\u00a0de\u00a0liderar,\u00a0engajar,\u00a0desenvolver\u00a0e\u00a0reter\u00a0talentos; Interesse\u00a0genu\u00edno\u00a0por\u00a0moda,\u00a0estilo\u00a0e\u00a0comportamento\u00a0do\u00a0consumidor; Energia,\u00a0resili\u00eancia\u00a0e\u00a0postura\u00a0pr\u00e1tica\u00a0no\u00a0dia\u00a0a\u00a0dia\u00a0da\u00a0opera\u00e7\u00e3o. Principais\u00a0responsabilidades: Gerenciar,\u00a0motivar\u00a0e\u00a0desenvolver\u00a0a\u00a0equipe\u00a0de\u00a0vendas; Garantir\u00a0excel\u00eancia\u00a0no\u00a0atendimento\u00a0e\u00a0fortalecimento\u00a0da\u00a0fideliza\u00e7\u00e3o; Acompanhar\u00a0indicadores\u00a0de\u00a0desempenho\u00a0e\u00a0metas\u00a0da\u00a0loja; Controlar\u00a0estoque,\u00a0organiza\u00e7\u00e3o\u00a0e\u00a0processos\u00a0administrativos; Acompanhar\u00a0vendas\u00a0digitais\u00a0e\u00a0assegurar\u00a0a\u00a0execu\u00e7\u00e3o\u00a0das\u00a0estrat\u00e9gias\u00a0de\u00a0Visual\u00a0Merchandising\u00a0(VM); Garantir\u00a0a\u00a0correta\u00a0execu\u00e7\u00e3o\u00a0de\u00a0campanhas\u00a0e\u00a0a\u00e7\u00f5es\u00a0no\u00a0ponto\u00a0de\u00a0venda. Pr\u00e9-requisitos: Experi\u00eancia\u00a0comprovada\u00a0como\u00a0Gerente\u00a0de\u00a0Loja,\u00a0preferencialmente\u00a0no\u00a0segmento\u00a0de\u00a0moda; Conhecimento\u00a0em\u00a0Visual\u00a0Merchandising\u00a0(VM); Disponibilidade\u00a0de\u00a0hor\u00e1rio; Viv\u00eancia\u00a0com\u00a0gest\u00e3o\u00a0de\u00a0equipes\u00a0e\u00a0foco\u00a0em\u00a0resultados. Por\u00a0que\u00a0se\u00a0candidatar?\u00a0Fazemos\u00a0parte\u00a0de\u00a0um\u00a0segmento\u00a0que\u00a0valoriza\u00a0a\u00a0diversidade,\u00a0investe\u00a0no\u00a0desenvolvimento\u00a0profissional\u00a0e\u00a0reconhece\u00a0o\u00a0potencial\u00a0de\u00a0cada\u00a0pessoa.\u00a0Oferecemos\u00a0um\u00a0ambiente\u00a0colaborativo,\u00a0desafiador\u00a0e\u00a0com\u00a0reais\u00a0oportunidades\u00a0de\u00a0crescimento. Se\u00a0voc\u00ea\u00a0busca\u00a0uma\u00a0carreira\u00a0s\u00f3lida,\u00a0com\u00a0autonomia,\u00a0desenvolvimento\u00a0e\u00a0protagonismo,\u00a0candidate-se\u00a0e\u00a0venha\u00a0construir\u00a0sua\u00a0trajet\u00f3ria\u00a0conosco! Local de trabalho: Niter\u00f3i, RJ Regime de contrata\u00e7\u00e3o de tipo: Efetivo \u2013 CLT Jornada: Per\u00edodo Integral \u00c1rea e especializa\u00e7\u00e3o profissional: Comercial, Vendas &#8211; Lojas \/ Shopping N\u00edvel hier\u00e1rquico: Gerente HABILIDADES Automotiva\u00e7\u00e3o Comunica\u00e7\u00e3o Oral Trabalho [&hellip;]<\/p>\n","protected":false},"author":1,"featured_media":0,"comment_status":"open","ping_status":"open","sticky":false,"template":"","format":"standard","meta":{"footnotes":""},"categories":[21],"tags":[],"class_list":["post-1969","post","type-post","status-publish","format-standard","hentry","category-rio-de-janeiro-rj"],"_links":{"self":[{"href":"https:\/\/vagas.portalemprego.com.br\/index.php?rest_route=\/wp\/v2\/posts\/1969","targetHints":{"allow":["GET"]}}],"collection":[{"href":"https:\/\/vagas.portalemprego.com.br\/index.php?rest_route=\/wp\/v2\/posts"}],"about":[{"href":"https:\/\/vagas.portalemprego.com.br\/index.php?rest_route=\/wp\/v2\/types\/post"}],"author":[{"embeddable":true,"href":"https:\/\/vagas.portalemprego.com.br\/index.php?rest_route=\/wp\/v2\/users\/1"}],"replies":[{"embeddable":true,"href":"https:\/\/vagas.portalemprego.com.br\/index.php?rest_route=%2Fwp%2Fv2%2Fcomments&post=1969"}],"version-history":[{"count":0,"href":"https:\/\/vagas.portalemprego.com.br\/index.php?rest_route=\/wp\/v2\/posts\/1969\/revisions"}],"wp:attachment":[{"href":"https:\/\/vagas.portalemprego.com.br\/index.php?rest_route=%2Fwp%2Fv2%2Fmedia&parent=1969"}],"wp:term":[{"taxonomy":"category","embeddable":true,"href":"https:\/\/vagas.portalemprego.com.br\/index.php?rest_route=%2Fwp%2Fv2%2Fcategories&post=1969"},{"taxonomy":"post_tag","embeddable":true,"href":"https:\/\/vagas.portalemprego.com.br\/index.php?rest_route=%2Fwp%2Fv2%2Ftags&post=1969"}],"curies":[{"name":"wp","href":"https:\/\/api.w.org\/{rel}","templated":true}]}}