{"id":1972,"date":"2026-04-29T06:30:30","date_gmt":"2026-04-29T09:30:30","guid":{"rendered":"https:\/\/vagas.portalemprego.com.br\/?p=1972"},"modified":"2026-04-29T06:30:30","modified_gmt":"2026-04-29T09:30:30","slug":"gerente-de-loja-zona-sul-rj-comercial-vendas-rio-de-janeiro","status":"publish","type":"post","link":"https:\/\/vagas.portalemprego.com.br\/?p=1972","title":{"rendered":"Gerente de Loja &#8211; Zona Sul (RJ) &#8211; Comercial, Vendas &#8211; Rio de Janeiro"},"content":{"rendered":"<p>Voc\u00ea \u00e9 apaixonado(a) por moda, tend\u00eancias e pessoas? Possui perfil de lideran\u00e7a, gosta de desafios e busca crescimento profissional? Ent\u00e3o essa oportunidade pode ser para voc\u00ea.<br \/>\nSomos uma das maiores e mais reconhecidas marcas  do Brasil, e buscamos um(a) Gerente de Loja para liderar uma equipe de alta performance, construindo resultados consistentes e experi\u00eancias memor\u00e1veis para nossos clientes.<br \/>\nO que buscamos em voc\u00ea:<br \/>\nPerfil proativo, com vis\u00e3o de dono e forte orienta\u00e7\u00e3o para resultados;<br \/>\nCapacidade de liderar, engajar, desenvolver e reter talentos;<br \/>\nInteresse genu\u00edno por moda, estilo e comportamento do consumidor;<br \/>\nEnergia, resili\u00eancia e postura pr\u00e1tica no dia a dia da opera\u00e7\u00e3o.<br \/>\nPrincipais responsabilidades:<br \/>\nGerenciar, motivar e desenvolver a equipe de vendas;<br \/>\nGarantir excel\u00eancia no atendimento e fortalecimento da fideliza\u00e7\u00e3o;<br \/>\nAcompanhar indicadores de desempenho e metas da loja;<br \/>\nControlar estoque, organiza\u00e7\u00e3o e processos administrativos;<br \/>\nAcompanhar vendas digitais e assegurar a execu\u00e7\u00e3o das estrat\u00e9gias de Visual Merchandising (VM);<br \/>\nGarantir a correta execu\u00e7\u00e3o de campanhas e a\u00e7\u00f5es no ponto de venda.<br \/>\nPr\u00e9-requisitos:<br \/>\nExperi\u00eancia comprovada como Gerente de Loja, preferencialmente no segmento de moda;<br \/>\nConhecimento em Visual Merchandising (VM);<br \/>\nDisponibilidade de hor\u00e1rio;<br \/>\nViv\u00eancia com gest\u00e3o de equipes e foco em resultados.<br \/>\nPor que se candidatar? Fazemos parte de um segmento que valoriza a diversidade, investe no desenvolvimento profissional e reconhece o potencial de cada pessoa. Oferecemos um ambiente colaborativo, desafiador e com reais oportunidades de crescimento.<br \/>\nSe voc\u00ea busca uma carreira s\u00f3lida, com autonomia, desenvolvimento e protagonismo, candidate-se e venha construir sua trajet\u00f3ria conosco!<\/p>\n<ul>\n<li>N\u00famero de vagas: 2<\/li>\n<li>Local de trabalho: Rio de Janeiro, RJ<\/li>\n<li>Regime de contrata\u00e7\u00e3o de tipo: Efetivo \u2013 CLT<\/li>\n<li>Jornada: Per\u00edodo Integral<\/li>\n<li>\u00c1rea e especializa\u00e7\u00e3o profissional: Comercial, Vendas &#8211; Lojas \/ Shopping<\/li>\n<li>N\u00edvel hier\u00e1rquico: Gerente<\/li>\n<\/ul>\n<p>HABILIDADES<\/p>\n<ul>\n<li>Lideran\u00e7a<\/li>\n<li>Orienta\u00e7\u00e3o ao Resultado<\/li>\n<li>Organiza\u00e7\u00e3o<\/li>\n<li>Trabalho em Equipe<\/li>\n<li>Comunica\u00e7\u00e3o Oral<\/li>\n<li>Automotiva\u00e7\u00e3o<\/li>\n<\/ul>\n<p>Escolaridade M\u00ednima: Ensino Superior<\/p>\n<ul>\n<li>Desconto nas marcas<\/li>\n<li>Conv\u00eanio Sesc<\/li>\n<li>Conv\u00eanio com faculdade<\/li>\n<li>Total Pass<\/li>\n<li>Vale Transporte<\/li>\n<\/ul>\n","protected":false},"excerpt":{"rendered":"<p>Voc\u00ea \u00e9 apaixonado(a) por moda, tend\u00eancias e pessoas? Possui perfil de lideran\u00e7a, gosta de desafios e busca crescimento profissional? Ent\u00e3o essa oportunidade pode ser para voc\u00ea. Somos uma das maiores e mais reconhecidas marcas do Brasil, e buscamos um(a) Gerente de Loja para liderar uma equipe de alta performance, construindo resultados consistentes e experi\u00eancias memor\u00e1veis [&hellip;]<\/p>\n","protected":false},"author":1,"featured_media":0,"comment_status":"open","ping_status":"open","sticky":false,"template":"","format":"standard","meta":{"footnotes":""},"categories":[21],"tags":[],"class_list":["post-1972","post","type-post","status-publish","format-standard","hentry","category-rio-de-janeiro-rj"],"_links":{"self":[{"href":"https:\/\/vagas.portalemprego.com.br\/index.php?rest_route=\/wp\/v2\/posts\/1972","targetHints":{"allow":["GET"]}}],"collection":[{"href":"https:\/\/vagas.portalemprego.com.br\/index.php?rest_route=\/wp\/v2\/posts"}],"about":[{"href":"https:\/\/vagas.portalemprego.com.br\/index.php?rest_route=\/wp\/v2\/types\/post"}],"author":[{"embeddable":true,"href":"https:\/\/vagas.portalemprego.com.br\/index.php?rest_route=\/wp\/v2\/users\/1"}],"replies":[{"embeddable":true,"href":"https:\/\/vagas.portalemprego.com.br\/index.php?rest_route=%2Fwp%2Fv2%2Fcomments&post=1972"}],"version-history":[{"count":0,"href":"https:\/\/vagas.portalemprego.com.br\/index.php?rest_route=\/wp\/v2\/posts\/1972\/revisions"}],"wp:attachment":[{"href":"https:\/\/vagas.portalemprego.com.br\/index.php?rest_route=%2Fwp%2Fv2%2Fmedia&parent=1972"}],"wp:term":[{"taxonomy":"category","embeddable":true,"href":"https:\/\/vagas.portalemprego.com.br\/index.php?rest_route=%2Fwp%2Fv2%2Fcategories&post=1972"},{"taxonomy":"post_tag","embeddable":true,"href":"https:\/\/vagas.portalemprego.com.br\/index.php?rest_route=%2Fwp%2Fv2%2Ftags&post=1972"}],"curies":[{"name":"wp","href":"https:\/\/api.w.org\/{rel}","templated":true}]}}