{"id":1974,"date":"2026-04-29T06:30:30","date_gmt":"2026-04-29T09:30:30","guid":{"rendered":"https:\/\/vagas.portalemprego.com.br\/?p=1974"},"modified":"2026-04-29T06:30:30","modified_gmt":"2026-04-29T09:30:30","slug":"auxiliar-de-cozinha-alimentacao-gastronomia-rio-de-janeiro-7","status":"publish","type":"post","link":"https:\/\/vagas.portalemprego.com.br\/?p=1974","title":{"rendered":"Auxiliar de Cozinha &#8211; Alimenta\u00e7\u00e3o \/ Gastronomia &#8211; Rio de Janeiro"},"content":{"rendered":"<p>Atuar no suporte \u00e0s atividades da cozinha, auxiliando na manipula\u00e7\u00e3o, preparo e montagem de alimentos, seguindo os padr\u00f5es de qualidade, higiene e seguran\u00e7a alimentar da empresa.<\/p>\n<p>Tamb\u00e9m ser\u00e1 respons\u00e1vel por organiza\u00e7\u00e3o, limpeza e conserva\u00e7\u00e3o dos utens\u00edlios, equipamentos e \u00e1reas de trabalho, garantindo um ambiente adequado para produ\u00e7\u00e3o.<\/p>\n<p>Entre as atividades do dia a dia est\u00e3o:<\/p>\n<p>Auxiliar no pr\u00e9-preparo e preparo de alimentos<br \/>\nApoiar na montagem e finaliza\u00e7\u00e3o de pedidos<br \/>\nRealizar higieniza\u00e7\u00e3o de utens\u00edlios, equipamentos e \u00e1rea da cozinha<br \/>\nManter a organiza\u00e7\u00e3o e reposi\u00e7\u00e3o de insumos<br \/>\nAuxiliar no recebimento e armazenamento de mercadorias<br \/>\nContribuir para a limpeza e conserva\u00e7\u00e3o das \u00e1reas da loja, incluindo cozinha, \u00e1reas de apoio e sanit\u00e1rios, conforme escala interna<br \/>\nSeguir os procedimentos de higiene e boas pr\u00e1ticas de manipula\u00e7\u00e3o de alimentos<br \/>\nHor\u00e1rio:<br \/>\nSegunda e ter\u00e7a: 15h \u00e0s 23h20<br \/>\nQuarta a domingo: 18 \u00e0s 2:20<\/p>\n<p>Sal\u00e1rio: R$ 1622,40<\/p>\n<p>Plano de Sa\u00fade e odontol\u00f3gico (ap\u00f3s a experi\u00eancia)<\/p>\n<p>Escala: 6&#215;1<\/p>\n<p>Requisitos:<\/p>\n<p>Pontualidade e comprometimento<br \/>\nOrganiza\u00e7\u00e3o e aten\u00e7\u00e3o \u00e0 higiene<br \/>\nDiferenciais:<\/p>\n<p>Experi\u00eancia pr\u00e9via em cozinha ou restaurante<br \/>\nResidir pr\u00f3ximo \u00e0 unidade<\/p>\n<ul>\n<li>N\u00famero de vagas: 4<\/li>\n<li>Local de trabalho: Rio de Janeiro, RJ<\/li>\n<li>Regime de contrata\u00e7\u00e3o de tipo: Efetivo \u2013 CLT<\/li>\n<li>Jornada: Parcial noites<\/li>\n<li>\u00c1rea e especializa\u00e7\u00e3o profissional: Alimenta\u00e7\u00e3o \/ Gastronomia &#8211; Cozinha<\/li>\n<li>N\u00edvel hier\u00e1rquico: Operacional<\/li>\n<\/ul>\n<p>VALORIZADO<\/p>\n<p>Tempo de experi\u00eancia: Entre 1 e 3 anos<\/p>\n<p>HABILIDADES<\/p>\n<ul>\n<li>Pontualidade<\/li>\n<\/ul>\n<p>Escolaridade M\u00ednima: Ensino M\u00e9dio (2\u00ba Grau)<\/p>\n<ul>\n<li>Refei\u00e7\u00e3o no local<\/li>\n<li>Vale-transporte<\/li>\n<li>Assist\u00eancia m\u00e9dica<\/li>\n<\/ul>\n<p>Sal\u00e1rio: 1622,4<\/p>\n","protected":false},"excerpt":{"rendered":"<p>Atuar no suporte \u00e0s atividades da cozinha, auxiliando na manipula\u00e7\u00e3o, preparo e montagem de alimentos, seguindo os padr\u00f5es de qualidade, higiene e seguran\u00e7a alimentar da empresa. Tamb\u00e9m ser\u00e1 respons\u00e1vel por organiza\u00e7\u00e3o, limpeza e conserva\u00e7\u00e3o dos utens\u00edlios, equipamentos e \u00e1reas de trabalho, garantindo um ambiente adequado para produ\u00e7\u00e3o. Entre as atividades do dia a dia est\u00e3o: [&hellip;]<\/p>\n","protected":false},"author":1,"featured_media":0,"comment_status":"open","ping_status":"open","sticky":false,"template":"","format":"standard","meta":{"footnotes":""},"categories":[21],"tags":[],"class_list":["post-1974","post","type-post","status-publish","format-standard","hentry","category-rio-de-janeiro-rj"],"_links":{"self":[{"href":"https:\/\/vagas.portalemprego.com.br\/index.php?rest_route=\/wp\/v2\/posts\/1974","targetHints":{"allow":["GET"]}}],"collection":[{"href":"https:\/\/vagas.portalemprego.com.br\/index.php?rest_route=\/wp\/v2\/posts"}],"about":[{"href":"https:\/\/vagas.portalemprego.com.br\/index.php?rest_route=\/wp\/v2\/types\/post"}],"author":[{"embeddable":true,"href":"https:\/\/vagas.portalemprego.com.br\/index.php?rest_route=\/wp\/v2\/users\/1"}],"replies":[{"embeddable":true,"href":"https:\/\/vagas.portalemprego.com.br\/index.php?rest_route=%2Fwp%2Fv2%2Fcomments&post=1974"}],"version-history":[{"count":0,"href":"https:\/\/vagas.portalemprego.com.br\/index.php?rest_route=\/wp\/v2\/posts\/1974\/revisions"}],"wp:attachment":[{"href":"https:\/\/vagas.portalemprego.com.br\/index.php?rest_route=%2Fwp%2Fv2%2Fmedia&parent=1974"}],"wp:term":[{"taxonomy":"category","embeddable":true,"href":"https:\/\/vagas.portalemprego.com.br\/index.php?rest_route=%2Fwp%2Fv2%2Fcategories&post=1974"},{"taxonomy":"post_tag","embeddable":true,"href":"https:\/\/vagas.portalemprego.com.br\/index.php?rest_route=%2Fwp%2Fv2%2Ftags&post=1974"}],"curies":[{"name":"wp","href":"https:\/\/api.w.org\/{rel}","templated":true}]}}