{"id":1978,"date":"2026-04-29T06:30:30","date_gmt":"2026-04-29T09:30:30","guid":{"rendered":"https:\/\/vagas.portalemprego.com.br\/?p=1978"},"modified":"2026-04-29T06:30:30","modified_gmt":"2026-04-29T09:30:30","slug":"motorista-de-caminhao-carreteiro-transportes-duque-de-caxias","status":"publish","type":"post","link":"https:\/\/vagas.portalemprego.com.br\/?p=1978","title":{"rendered":"Motorista de Caminh\u00e3o &#8211; Carreteiro &#8211; Transportes &#8211; Duque de Caxias"},"content":{"rendered":"<p>Transportar mercadorias at\u00e9 o cliente, observando as boas pr\u00e1ticas de dire\u00e7\u00e3o e os requisitos legais aplic\u00e1veis, zelando pelo patrim\u00f4nio da empresa e atuando com extrema responsabilidade no exerc\u00edcio do cargo. Realizar vistoria do ve\u00edculo, conferir os roteiros e conduzi-lo de acordo com as leis e a legisla\u00e7\u00e3o vigente. Zelar pela documenta\u00e7\u00e3o da carga e do ve\u00edculo, controlar a carga e descarga dos materiais transportados e garantir a seguran\u00e7a e a integridade dos ajudantes.<br \/>\n Ensino M\u00e9dio completo; Necess\u00e1ria CNH categoria E; Disponibilidade para viagens.<\/p>\n<ul>\n<li>N\u00famero de vagas: 2<\/li>\n<li>Local de trabalho: Duque de Caxias, RJ<\/li>\n<li>Regime de contrata\u00e7\u00e3o de tipo: Efetivo \u2013 CLT<\/li>\n<li>Jornada: Per\u00edodo Integral<\/li>\n<li>\u00c1rea e especializa\u00e7\u00e3o profissional: Transportes &#8211; Motorista<\/li>\n<li>N\u00edvel hier\u00e1rquico: Auxiliar<\/li>\n<\/ul>\n<p>Escolaridade M\u00ednima: Ensino M\u00e9dio (2\u00ba Grau)<\/p>\n","protected":false},"excerpt":{"rendered":"<p>Transportar mercadorias at\u00e9 o cliente, observando as boas pr\u00e1ticas de dire\u00e7\u00e3o e os requisitos legais aplic\u00e1veis, zelando pelo patrim\u00f4nio da empresa e atuando com extrema responsabilidade no exerc\u00edcio do cargo. Realizar vistoria do ve\u00edculo, conferir os roteiros e conduzi-lo de acordo com as leis e a legisla\u00e7\u00e3o vigente. Zelar pela documenta\u00e7\u00e3o da carga e do [&hellip;]<\/p>\n","protected":false},"author":1,"featured_media":0,"comment_status":"open","ping_status":"open","sticky":false,"template":"","format":"standard","meta":{"footnotes":""},"categories":[21],"tags":[],"class_list":["post-1978","post","type-post","status-publish","format-standard","hentry","category-rio-de-janeiro-rj"],"_links":{"self":[{"href":"https:\/\/vagas.portalemprego.com.br\/index.php?rest_route=\/wp\/v2\/posts\/1978","targetHints":{"allow":["GET"]}}],"collection":[{"href":"https:\/\/vagas.portalemprego.com.br\/index.php?rest_route=\/wp\/v2\/posts"}],"about":[{"href":"https:\/\/vagas.portalemprego.com.br\/index.php?rest_route=\/wp\/v2\/types\/post"}],"author":[{"embeddable":true,"href":"https:\/\/vagas.portalemprego.com.br\/index.php?rest_route=\/wp\/v2\/users\/1"}],"replies":[{"embeddable":true,"href":"https:\/\/vagas.portalemprego.com.br\/index.php?rest_route=%2Fwp%2Fv2%2Fcomments&post=1978"}],"version-history":[{"count":0,"href":"https:\/\/vagas.portalemprego.com.br\/index.php?rest_route=\/wp\/v2\/posts\/1978\/revisions"}],"wp:attachment":[{"href":"https:\/\/vagas.portalemprego.com.br\/index.php?rest_route=%2Fwp%2Fv2%2Fmedia&parent=1978"}],"wp:term":[{"taxonomy":"category","embeddable":true,"href":"https:\/\/vagas.portalemprego.com.br\/index.php?rest_route=%2Fwp%2Fv2%2Fcategories&post=1978"},{"taxonomy":"post_tag","embeddable":true,"href":"https:\/\/vagas.portalemprego.com.br\/index.php?rest_route=%2Fwp%2Fv2%2Ftags&post=1978"}],"curies":[{"name":"wp","href":"https:\/\/api.w.org\/{rel}","templated":true}]}}