{"id":1982,"date":"2026-04-29T06:30:30","date_gmt":"2026-04-29T09:30:30","guid":{"rendered":"https:\/\/vagas.portalemprego.com.br\/?p=1982"},"modified":"2026-04-29T06:30:30","modified_gmt":"2026-04-29T09:30:30","slug":"analista-de-treinamento-junior-saude-rio-de-janeiro","status":"publish","type":"post","link":"https:\/\/vagas.portalemprego.com.br\/?p=1982","title":{"rendered":"Analista de Treinamento J\u00fanior &#8211; Sa\u00fade &#8211; Rio de Janeiro"},"content":{"rendered":"<p>Atividades: Organizar, atualizar e apoiar a melhoria de materiais de treinamento existentes;<br \/>\nIdentificar lacunas de conhecimento e propor melhorias nos treinamentos j\u00e1 existentes, entregando um conte\u00fado seja atrativo e eficaz;<br \/>\nElaborar roteiros, aulas e apresenta\u00e7\u00f5es, transformando informa\u00e7\u00f5es complexas em linguagem acess\u00edvel para treinamento;<br \/>\nRealizar busca ativa e resumo de material cient\u00edfico para alimentar a base de conhecimento da equipe de treinamento;<br \/>\nDesenvolvimento de aulas, roteiros e materiais de treinamento conforme briefing;<br \/>\nOpera\u00e7\u00e3o, acompanhamento e atualiza\u00e7\u00e3o da ferramenta de treinamento em uso pela empresa;<br \/>\nOpera\u00e7\u00e3o, acompanhamento e atualiza\u00e7\u00e3o da ferramenta de IA em uso pela empresa \u2013 Gilda;<br \/>\nIdentificar necessidades e oportunidades de melhorias de abordagens de treinamento;<br \/>\nProatividade no desenvolvimento de novos conte\u00fados de treinamento e novas din\u00e2micas em linha com as estrat\u00e9gias promocionais;<br \/>\nSuporte \u00e0s demandas da \u00e1rea de Treinamento.<\/p>\n<ul>\n<li>Local de trabalho: Rio de Janeiro, RJ<\/li>\n<li>Regime de contrata\u00e7\u00e3o de tipo: Efetivo \u2013 CLT<\/li>\n<li>Jornada: Per\u00edodo Integral<\/li>\n<li>\u00c1rea e especializa\u00e7\u00e3o profissional: Sa\u00fade &#8211; Farm\u00e1cia<\/li>\n<li>N\u00edvel hier\u00e1rquico: Analista<\/li>\n<\/ul>\n<p>HABILIDADES<\/p>\n<ul>\n<li>\u2022\tForma\u00e7\u00e3o superior em ci\u00eancias farmac\u00eauticas, biomedicina, ci\u00eancias biol\u00f3gicas ou \u00e1reas afins<\/li>\n<li>\u2022\tHabilidade de comunica\u00e7\u00e3o, escrita e did\u00e1tica para transformar ci\u00eancia em argumentos de venda;<\/li>\n<li>\u2022\tVis\u00e3o de marketing e vendas<\/li>\n<li>\u2022\tExperi\u00eancia anterior em T&amp;D (Treinamento e Desenvolvimento) ou Ind\u00fastria Farmac\u00eautica;<\/li>\n<\/ul>\n<p>Escolaridade M\u00ednima: Ensino Superior<\/p>\n<p>Forma\u00e7\u00e3o desejada:<\/p>\n<ul>\n<li>Farm\u00e1cia e Bioqu\u00edmica, Ensino Superior<\/li>\n<\/ul>\n<ul>\n<li>\u2022\tAssist\u00eancia m\u00e9dica \u2022\tAssist\u00eancia odontol\u00f3gica \u2022\tVale-transporte \u2022\tSeguro de vida<\/li>\n<\/ul>\n","protected":false},"excerpt":{"rendered":"<p>Atividades: Organizar, atualizar e apoiar a melhoria de materiais de treinamento existentes; Identificar lacunas de conhecimento e propor melhorias nos treinamentos j\u00e1 existentes, entregando um conte\u00fado seja atrativo e eficaz; Elaborar roteiros, aulas e apresenta\u00e7\u00f5es, transformando informa\u00e7\u00f5es complexas em linguagem acess\u00edvel para treinamento; Realizar busca ativa e resumo de material cient\u00edfico para alimentar a base [&hellip;]<\/p>\n","protected":false},"author":1,"featured_media":0,"comment_status":"open","ping_status":"open","sticky":false,"template":"","format":"standard","meta":{"footnotes":""},"categories":[21],"tags":[],"class_list":["post-1982","post","type-post","status-publish","format-standard","hentry","category-rio-de-janeiro-rj"],"_links":{"self":[{"href":"https:\/\/vagas.portalemprego.com.br\/index.php?rest_route=\/wp\/v2\/posts\/1982","targetHints":{"allow":["GET"]}}],"collection":[{"href":"https:\/\/vagas.portalemprego.com.br\/index.php?rest_route=\/wp\/v2\/posts"}],"about":[{"href":"https:\/\/vagas.portalemprego.com.br\/index.php?rest_route=\/wp\/v2\/types\/post"}],"author":[{"embeddable":true,"href":"https:\/\/vagas.portalemprego.com.br\/index.php?rest_route=\/wp\/v2\/users\/1"}],"replies":[{"embeddable":true,"href":"https:\/\/vagas.portalemprego.com.br\/index.php?rest_route=%2Fwp%2Fv2%2Fcomments&post=1982"}],"version-history":[{"count":0,"href":"https:\/\/vagas.portalemprego.com.br\/index.php?rest_route=\/wp\/v2\/posts\/1982\/revisions"}],"wp:attachment":[{"href":"https:\/\/vagas.portalemprego.com.br\/index.php?rest_route=%2Fwp%2Fv2%2Fmedia&parent=1982"}],"wp:term":[{"taxonomy":"category","embeddable":true,"href":"https:\/\/vagas.portalemprego.com.br\/index.php?rest_route=%2Fwp%2Fv2%2Fcategories&post=1982"},{"taxonomy":"post_tag","embeddable":true,"href":"https:\/\/vagas.portalemprego.com.br\/index.php?rest_route=%2Fwp%2Fv2%2Ftags&post=1982"}],"curies":[{"name":"wp","href":"https:\/\/api.w.org\/{rel}","templated":true}]}}