{"id":1983,"date":"2026-04-29T06:30:30","date_gmt":"2026-04-29T09:30:30","guid":{"rendered":"https:\/\/vagas.portalemprego.com.br\/?p=1983"},"modified":"2026-04-29T06:30:30","modified_gmt":"2026-04-29T09:30:30","slug":"caldeireiro-iii-industrial-producao-fabrica-macae","status":"publish","type":"post","link":"https:\/\/vagas.portalemprego.com.br\/?p=1983","title":{"rendered":"Caldeireiro III &#8211; Industrial, Produ\u00e7\u00e3o, F\u00e1brica &#8211; Maca\u00e9"},"content":{"rendered":"<p>Descri\u00e7\u00e3o das Responsabilidades:<br \/>\nConfeccionar, reparar e instalar pe\u00e7as e elementos diversos em chapas de metal como a\u00e7o, ferro galvanizado, cobre, estanho, lat\u00e3o, alum\u00ednio e zinco;<br \/>\nFabricar ou reparar caldeiras, tanques, reservat\u00f3rios e outros recipientes de chapas de a\u00e7o;<br \/>\nRecortar, modelar e trabalhar barras perfiladas de materiais ferrosos e n\u00e3o-ferrosos para fabricar esquadrias, portas, grades, vitrais e pe\u00e7as similares.<br \/>\n Montagem de v\u00e1lvulas, tubula\u00e7\u00e3o e acess\u00f3rios, estrutura met\u00e1lica e grade de piso. <\/p>\n<p>Requisitos e qualifica\u00e7\u00f5es:<br \/>\n Ensino Fundamental completo;<br \/>\n Certificado de Caldeiraria;<br \/>\nPossuir experi\u00eancia em contrato \u00d3leo e G\u00e1s;<br \/>\nNR-33 ;<br \/>\nNR-35;<br \/>\nCBSP;<br \/>\nT-HUET;<br \/>\nRATA \/ ABENDI\/ANEAC &#8211; N1.<\/p>\n<p>Benef\u00edcios:<br \/>\nOferecemos um pacote de benef\u00edcios atrativo, incluindo diversas vantagens que valorizam o bem-estar e a satisfa\u00e7\u00e3o dos nossos colaboradores.<\/p>\n<p>Todos os processos seletivos s\u00e3o inclusivos e consideram pessoas com ou sem defici\u00eancia, desde que qualificados para as vagas anunciadas.<\/p>\n<ul>\n<li>N\u00famero de vagas: 5<\/li>\n<li>Local de trabalho: Maca\u00e9, RJ<\/li>\n<li>Regime de contrata\u00e7\u00e3o de tipo: Efetivo \u2013 CLT<\/li>\n<li>Jornada: Per\u00edodo Integral<\/li>\n<li>\u00c1rea e especializa\u00e7\u00e3o profissional: Industrial, Produ\u00e7\u00e3o, F\u00e1brica &#8211; Caldeiraria<\/li>\n<li>N\u00edvel hier\u00e1rquico: Operacional<\/li>\n<\/ul>\n<p>VALORIZADO<\/p>\n<p>Tempo de experi\u00eancia: Entre 1 e 3 anos<\/p>\n<p>HABILIDADES<\/p>\n<ul>\n<li>Comprometimento<\/li>\n<li>Organiza\u00e7\u00e3o e planejamento<\/li>\n<li>Pontualidade<\/li>\n<li>Proatividade<\/li>\n<li>IRATA<\/li>\n<li>NR35<\/li>\n<li>NR33<\/li>\n<li>Intelig\u00eancia Emocional<\/li>\n<\/ul>\n<p>Escolaridade M\u00ednima: Ensino Fundamental (1\u00ba grau)<\/p>\n<ul>\n<li>Parcerias com institui\u00e7\u00f5es educacionais<\/li>\n<li>Assist\u00eancia Odontol\u00f3gica<\/li>\n<li>Assist\u00eancia M\u00e9dica<\/li>\n<li>Wellhub<\/li>\n<li>Cart\u00e3o Multi Benef\u00edcios<\/li>\n<li>Vale transporte<\/li>\n<li>Vale Alimenta\u00e7\u00e3o<\/li>\n<li>Refeit\u00f3rio no Local<\/li>\n<li>Seguro de Vida<\/li>\n<\/ul>\n","protected":false},"excerpt":{"rendered":"<p>Descri\u00e7\u00e3o das Responsabilidades: Confeccionar, reparar e instalar pe\u00e7as e elementos diversos em chapas de metal como a\u00e7o, ferro galvanizado, cobre, estanho, lat\u00e3o, alum\u00ednio e zinco; Fabricar ou reparar caldeiras, tanques, reservat\u00f3rios e outros recipientes de chapas de a\u00e7o; Recortar, modelar e trabalhar barras perfiladas de materiais ferrosos e n\u00e3o-ferrosos para fabricar esquadrias, portas, grades, vitrais [&hellip;]<\/p>\n","protected":false},"author":1,"featured_media":0,"comment_status":"open","ping_status":"open","sticky":false,"template":"","format":"standard","meta":{"footnotes":""},"categories":[21],"tags":[],"class_list":["post-1983","post","type-post","status-publish","format-standard","hentry","category-rio-de-janeiro-rj"],"_links":{"self":[{"href":"https:\/\/vagas.portalemprego.com.br\/index.php?rest_route=\/wp\/v2\/posts\/1983","targetHints":{"allow":["GET"]}}],"collection":[{"href":"https:\/\/vagas.portalemprego.com.br\/index.php?rest_route=\/wp\/v2\/posts"}],"about":[{"href":"https:\/\/vagas.portalemprego.com.br\/index.php?rest_route=\/wp\/v2\/types\/post"}],"author":[{"embeddable":true,"href":"https:\/\/vagas.portalemprego.com.br\/index.php?rest_route=\/wp\/v2\/users\/1"}],"replies":[{"embeddable":true,"href":"https:\/\/vagas.portalemprego.com.br\/index.php?rest_route=%2Fwp%2Fv2%2Fcomments&post=1983"}],"version-history":[{"count":0,"href":"https:\/\/vagas.portalemprego.com.br\/index.php?rest_route=\/wp\/v2\/posts\/1983\/revisions"}],"wp:attachment":[{"href":"https:\/\/vagas.portalemprego.com.br\/index.php?rest_route=%2Fwp%2Fv2%2Fmedia&parent=1983"}],"wp:term":[{"taxonomy":"category","embeddable":true,"href":"https:\/\/vagas.portalemprego.com.br\/index.php?rest_route=%2Fwp%2Fv2%2Fcategories&post=1983"},{"taxonomy":"post_tag","embeddable":true,"href":"https:\/\/vagas.portalemprego.com.br\/index.php?rest_route=%2Fwp%2Fv2%2Ftags&post=1983"}],"curies":[{"name":"wp","href":"https:\/\/api.w.org\/{rel}","templated":true}]}}