{"id":1985,"date":"2026-04-29T06:30:30","date_gmt":"2026-04-29T09:30:30","guid":{"rendered":"https:\/\/vagas.portalemprego.com.br\/?p=1985"},"modified":"2026-04-29T06:30:30","modified_gmt":"2026-04-29T09:30:30","slug":"tecnico-de-seguranca-do-trabalho-seguranca-macae","status":"publish","type":"post","link":"https:\/\/vagas.portalemprego.com.br\/?p=1985","title":{"rendered":"T\u00e9cnico de Seguran\u00e7a do Trabalho &#8211; Seguran\u00e7a &#8211; Maca\u00e9"},"content":{"rendered":"<p>Descri\u00e7\u00e3o das Responsabilidades:<br \/>\nIdentificar e avaliar agentes ambientais aos quais os colaboradores possam ser expostos como: ru\u00eddo, calor, agentes qu\u00edmicos, ilumina\u00e7\u00e3o, entre outros, atrav\u00e9s de instrumentos conforme normas regulamentadoras, com objetivo de propor a\u00e7\u00f5es corretivas e realizar o monitoramento peri\u00f3dico visando manter o ambiente adequado para o trabalho.<br \/>\nAuxiliar na forma\u00e7\u00e3o da Comiss\u00e3o Interna de Preven\u00e7\u00e3o a Acidentes (CIPA) afim de garantir o cumprimento de todas as etapas do processo de acordo legisla\u00e7\u00e3o vigente, acompanhar sugest\u00f5es e proposi\u00e7\u00f5es dos integrantes durante o mandato, suportar na elabora\u00e7\u00e3o do mapa de risco, conforme estabelece a NR &#8211; 5 da Portaria 3214\/78.<br \/>\nAtuar na organiza\u00e7\u00e3o da Semana Interna de Preven\u00e7\u00e3o a Acidentes (SIPAT).<br \/>\nExecutar e auxiliar na elabora\u00e7\u00e3o, manuten\u00e7\u00e3o e atualiza\u00e7\u00e3o de treinamentos relacionados \u00e0 sa\u00fade e seguran\u00e7a do trabalho, com pesquisas e apresenta\u00e7\u00f5es, controles e documenta\u00e7\u00f5es de SMS exigidos pelo cliente, afim de fortalecer a ado\u00e7\u00e3o de atitudes preventivas pelos colaboradores no ambiente de trabalho.<br \/>\nIdentificar, analisar e estudar todo e qualquer acidente e\/ou incidente de trabalho, registrando no CAT de acordo com o tipo de acidente e, analisar as causas e gravidade, consequ\u00eancias e condi\u00e7\u00f5es ambientais em que ocorreram.<br \/>\nRealizar Integra\u00e7\u00e3o de Seguran\u00e7a e veicula\u00e7\u00e3o de informa\u00e7\u00f5es que possam afetar a seguran\u00e7a dos colaboradores.<br \/>\nImplantar e acompanhar em conjunto com o cliente o cumprimento do Plano Diretor de Seguran\u00e7a e Meio Ambiente, considerando as pol\u00edticas de seguran\u00e7a e meio ambiente de ambos.<br \/>\nAssegurar o cumprimento de normas e procedimentos de prote\u00e7\u00e3o e preserva\u00e7\u00e3o do meio ambiente, especialmente com rela\u00e7\u00e3o \u00e0 coleta seletiva e de res\u00edduos industriais.<br \/>\nApoiar na busca da melhoria cont\u00ednua nas atividades di\u00e1rias, visando garantir seguran\u00e7a, qualidade, bem como os cuidados com a redu\u00e7\u00e3o nos custos.<br \/>\nMinistrar treinamentos normativos conforme legisla\u00e7\u00e3o aplic\u00e1vel.<\/p>\n<p>Requisitos e qualifica\u00e7\u00f5es:<br \/>\nEnsino M\u00e9dio completo.<br \/>\nForma\u00e7\u00e3o de T\u00e9cnico de Seguran\u00e7a do Trabalho.<br \/>\nRegistro MTE regular.<\/p>\n<p>Benef\u00edcios:<br \/>\nOferecemos um pacote de benef\u00edcios atrativo, incluindo diversas vantagens que valorizam o bem-estar e a satisfa\u00e7\u00e3o dos nossos colaboradores.<\/p>\n<p>Todos os processos seletivos s\u00e3o inclusivos e consideram pessoas com ou sem defici\u00eancia, desde que qualificados para as vagas anunciadas.<\/p>\n<ul>\n<li>Local de trabalho: Maca\u00e9, RJ<\/li>\n<li>Regime de contrata\u00e7\u00e3o de tipo: Efetivo \u2013 CLT<\/li>\n<li>Jornada: Per\u00edodo Integral<\/li>\n<li>\u00c1rea e especializa\u00e7\u00e3o profissional: Seguran\u00e7a &#8211; Seguran\u00e7a<\/li>\n<li>N\u00edvel hier\u00e1rquico: Analista<\/li>\n<\/ul>\n<p>HABILIDADES<\/p>\n<ul>\n<li>RIO DAS OSTRAS &#8211; RJ<\/li>\n<li>MACA\u00c9-RJ<\/li>\n<li>NR35<\/li>\n<li>TECNICO SEGURAN\u00c7A DO TRABALHO PL<\/li>\n<li>NR33<\/li>\n<li>ATIVIDADES CR\u00cdTICAS<\/li>\n<li>APRs<\/li>\n<li>AN\u00c1LISE DE INDICADORES<\/li>\n<li>REGISTRO ATIVO NO MTE<\/li>\n<li>TECNICO SEGURAN\u00c7A DO TRABALHO JR<\/li>\n<li>EXCEL<\/li>\n<li>RIO DAS OSTRAS<\/li>\n<\/ul>\n<p>Escolaridade M\u00ednima: Curso T\u00e9cnico<\/p>\n<p>Idiomas:<\/p>\n<ul>\n<li>Ingl\u00eas (Intermedi\u00e1rio)<\/li>\n<\/ul>\n<ul>\n<li>Assist\u00eancia M\u00e9dica<\/li>\n<li>Cart\u00e3o Multi Benef\u00edcios<\/li>\n<li>Seguro de Vida<\/li>\n<li>Wellhub<\/li>\n<li>Vale Alimenta\u00e7\u00e3o<\/li>\n<li>Assist\u00eancia Odontol\u00f3gica<\/li>\n<li>Vale Transporte<\/li>\n<li>Parcerias com institui\u00e7\u00f5es educacionais<\/li>\n<\/ul>\n","protected":false},"excerpt":{"rendered":"<p>Descri\u00e7\u00e3o das Responsabilidades: Identificar e avaliar agentes ambientais aos quais os colaboradores possam ser expostos como: ru\u00eddo, calor, agentes qu\u00edmicos, ilumina\u00e7\u00e3o, entre outros, atrav\u00e9s de instrumentos conforme normas regulamentadoras, com objetivo de propor a\u00e7\u00f5es corretivas e realizar o monitoramento peri\u00f3dico visando manter o ambiente adequado para o trabalho. Auxiliar na forma\u00e7\u00e3o da Comiss\u00e3o Interna de [&hellip;]<\/p>\n","protected":false},"author":1,"featured_media":0,"comment_status":"open","ping_status":"open","sticky":false,"template":"","format":"standard","meta":{"footnotes":""},"categories":[21],"tags":[],"class_list":["post-1985","post","type-post","status-publish","format-standard","hentry","category-rio-de-janeiro-rj"],"_links":{"self":[{"href":"https:\/\/vagas.portalemprego.com.br\/index.php?rest_route=\/wp\/v2\/posts\/1985","targetHints":{"allow":["GET"]}}],"collection":[{"href":"https:\/\/vagas.portalemprego.com.br\/index.php?rest_route=\/wp\/v2\/posts"}],"about":[{"href":"https:\/\/vagas.portalemprego.com.br\/index.php?rest_route=\/wp\/v2\/types\/post"}],"author":[{"embeddable":true,"href":"https:\/\/vagas.portalemprego.com.br\/index.php?rest_route=\/wp\/v2\/users\/1"}],"replies":[{"embeddable":true,"href":"https:\/\/vagas.portalemprego.com.br\/index.php?rest_route=%2Fwp%2Fv2%2Fcomments&post=1985"}],"version-history":[{"count":0,"href":"https:\/\/vagas.portalemprego.com.br\/index.php?rest_route=\/wp\/v2\/posts\/1985\/revisions"}],"wp:attachment":[{"href":"https:\/\/vagas.portalemprego.com.br\/index.php?rest_route=%2Fwp%2Fv2%2Fmedia&parent=1985"}],"wp:term":[{"taxonomy":"category","embeddable":true,"href":"https:\/\/vagas.portalemprego.com.br\/index.php?rest_route=%2Fwp%2Fv2%2Fcategories&post=1985"},{"taxonomy":"post_tag","embeddable":true,"href":"https:\/\/vagas.portalemprego.com.br\/index.php?rest_route=%2Fwp%2Fv2%2Ftags&post=1985"}],"curies":[{"name":"wp","href":"https:\/\/api.w.org\/{rel}","templated":true}]}}